{"id":1533,"date":"2018-05-22T20:16:32","date_gmt":"2018-05-22T20:16:32","guid":{"rendered":"http:\/\/dr-rad.at\/tirol\/?p=1533"},"modified":"2019-07-29T06:22:12","modified_gmt":"2019-07-29T06:22:12","slug":"bike-opening-muttereralm-park","status":"publish","type":"post","link":"https:\/\/dr-rad.at\/tirol\/bike-opening-muttereralm-park\/","title":{"rendered":"Bike opening Muttereralm Park"},"content":{"rendered":"<p><a href=\"https:\/\/dr-rad.at\/tirol\/wp-content\/uploads\/2018\/05\/DSC_0703.jpg\"><img decoding=\"async\" class=\"alignnone size-medium wp-image-1535\" src=\"https:\/\/dr-rad.at\/tirol\/wp-content\/uploads\/2018\/05\/DSC_0703-300x169.jpg\" alt=\"\" width=\"300\" height=\"169\" srcset=\"https:\/\/dr-rad.at\/tirol\/wp-content\/uploads\/2018\/05\/DSC_0703-300x169.jpg 300w, https:\/\/dr-rad.at\/tirol\/wp-content\/uploads\/2018\/05\/DSC_0703-768x432.jpg 768w, https:\/\/dr-rad.at\/tirol\/wp-content\/uploads\/2018\/05\/DSC_0703-1024x576.jpg 1024w\" sizes=\"(max-width: 300px) 100vw, 300px\" \/><\/a><\/p>\n<p>&nbsp;<\/p>\n<p>Lets get it on!<\/p>\n<p>&nbsp;<\/p>\n<p>Lang war die Warteschlange, kurz die Pause und fluffy der Trail.<\/p>\n<p>Leider gilt der Vollpreis, obwohl nicht alle Trails ge\u00f6ffnet haben, was sogar den Amerikanoschen Gast auff\u00e4llt und leider ist nur jede 2. Gondel f\u00fcr Radmitnahme adaptiert.<\/p>\n<p>Dementsprechend staut es sich beim Einchecken aber daf\u00fcr gibts bergab ordentlich was zu tun.<\/p>\n","protected":false},"excerpt":{"rendered":"<p>&nbsp; Lets get it on! &nbsp; Lang war die Warteschlange, kurz die Pause und fluffy der Trail. Leider gilt der Vollpreis, obwohl nicht alle Trails ge\u00f6ffnet haben, was sogar den Amerikanoschen Gast auff\u00e4llt und leider ist nur jede 2. Gondel f\u00fcr Radmitnahme adaptiert. Dementsprechend staut es sich beim Einchecken aber daf\u00fcr gibts bergab ordentlich was [&hellip;]<\/p>\n","protected":false},"author":2,"featured_media":0,"comment_status":"closed","ping_status":"closed","sticky":false,"template":"","format":"standard","meta":{"_et_pb_use_builder":"","_et_pb_old_content":"","_et_gb_content_width":"","footnotes":""},"categories":[83,73,133],"tags":[],"class_list":["post-1533","post","type-post","status-publish","format-standard","hentry","category-bike-park","category-downhill","category-trail"],"_links":{"self":[{"href":"https:\/\/dr-rad.at\/tirol\/wp-json\/wp\/v2\/posts\/1533","targetHints":{"allow":["GET"]}}],"collection":[{"href":"https:\/\/dr-rad.at\/tirol\/wp-json\/wp\/v2\/posts"}],"about":[{"href":"https:\/\/dr-rad.at\/tirol\/wp-json\/wp\/v2\/types\/post"}],"author":[{"embeddable":true,"href":"https:\/\/dr-rad.at\/tirol\/wp-json\/wp\/v2\/users\/2"}],"replies":[{"embeddable":true,"href":"https:\/\/dr-rad.at\/tirol\/wp-json\/wp\/v2\/comments?post=1533"}],"version-history":[{"count":0,"href":"https:\/\/dr-rad.at\/tirol\/wp-json\/wp\/v2\/posts\/1533\/revisions"}],"wp:attachment":[{"href":"https:\/\/dr-rad.at\/tirol\/wp-json\/wp\/v2\/media?parent=1533"}],"wp:term":[{"taxonomy":"category","embeddable":true,"href":"https:\/\/dr-rad.at\/tirol\/wp-json\/wp\/v2\/categories?post=1533"},{"taxonomy":"post_tag","embeddable":true,"href":"https:\/\/dr-rad.at\/tirol\/wp-json\/wp\/v2\/tags?post=1533"}],"curies":[{"name":"wp","href":"https:\/\/api.w.org\/{rel}","templated":true}]}}