{"id":1527,"date":"2018-05-21T20:14:20","date_gmt":"2018-05-21T20:14:20","guid":{"rendered":"http:\/\/dr-rad.at\/tirol\/?p=1527"},"modified":"2019-07-29T06:22:12","modified_gmt":"2019-07-29T06:22:12","slug":"e-bike-roadshow-innsbruck","status":"publish","type":"post","link":"https:\/\/dr-rad.at\/tirol\/e-bike-roadshow-innsbruck\/","title":{"rendered":"E-Bike Roadshow Innsbruck"},"content":{"rendered":"<p style=\"text-align: left;\"><a href=\"https:\/\/dr-rad.at\/tirol\/wp-content\/uploads\/2018\/05\/DSC_0707.jpg\"><img decoding=\"async\" class=\"alignnone wp-image-1529 size-medium\" src=\"https:\/\/dr-rad.at\/tirol\/wp-content\/uploads\/2018\/05\/DSC_0707-e1526933754170-169x300.jpg\" alt=\"\" width=\"169\" height=\"300\" srcset=\"https:\/\/dr-rad.at\/tirol\/wp-content\/uploads\/2018\/05\/DSC_0707-e1526933754170-169x300.jpg 169w, https:\/\/dr-rad.at\/tirol\/wp-content\/uploads\/2018\/05\/DSC_0707-e1526933754170-768x1365.jpg 768w, https:\/\/dr-rad.at\/tirol\/wp-content\/uploads\/2018\/05\/DSC_0707-e1526933754170-576x1024.jpg 576w\" sizes=\"(max-width: 169px) 100vw, 169px\" \/><\/a><\/p>\n<p>Am 24.05. findet am Marktplatz in Innsbruck ein Sicherheitstag statt. Techniktraining oder Kennenlernen f\u00fcr Einsteiger.<\/p>\n<p>Die Naturfreunde nehmen die schnellere Beschleunigung, die h\u00f6heren Geschwindigkeiten und die h\u00f6heren Gewichte von E-Bikes unter die Lupe.<\/p>\n","protected":false},"excerpt":{"rendered":"<p>Am 24.05. findet am Marktplatz in Innsbruck ein Sicherheitstag statt. Techniktraining oder Kennenlernen f\u00fcr Einsteiger. Die Naturfreunde nehmen die schnellere Beschleunigung, die h\u00f6heren Geschwindigkeiten und die h\u00f6heren Gewichte von E-Bikes unter die Lupe.<\/p>\n","protected":false},"author":2,"featured_media":0,"comment_status":"closed","ping_status":"closed","sticky":false,"template":"","format":"standard","meta":{"_et_pb_use_builder":"","_et_pb_old_content":"","_et_gb_content_width":"","footnotes":""},"categories":[124,123,165,80],"tags":[],"class_list":["post-1527","post","type-post","status-publish","format-standard","hentry","category-fahrrad-austellung","category-fahrradmesse","category-innsbruck","category-sicherheit"],"_links":{"self":[{"href":"https:\/\/dr-rad.at\/tirol\/wp-json\/wp\/v2\/posts\/1527","targetHints":{"allow":["GET"]}}],"collection":[{"href":"https:\/\/dr-rad.at\/tirol\/wp-json\/wp\/v2\/posts"}],"about":[{"href":"https:\/\/dr-rad.at\/tirol\/wp-json\/wp\/v2\/types\/post"}],"author":[{"embeddable":true,"href":"https:\/\/dr-rad.at\/tirol\/wp-json\/wp\/v2\/users\/2"}],"replies":[{"embeddable":true,"href":"https:\/\/dr-rad.at\/tirol\/wp-json\/wp\/v2\/comments?post=1527"}],"version-history":[{"count":0,"href":"https:\/\/dr-rad.at\/tirol\/wp-json\/wp\/v2\/posts\/1527\/revisions"}],"wp:attachment":[{"href":"https:\/\/dr-rad.at\/tirol\/wp-json\/wp\/v2\/media?parent=1527"}],"wp:term":[{"taxonomy":"category","embeddable":true,"href":"https:\/\/dr-rad.at\/tirol\/wp-json\/wp\/v2\/categories?post=1527"},{"taxonomy":"post_tag","embeddable":true,"href":"https:\/\/dr-rad.at\/tirol\/wp-json\/wp\/v2\/tags?post=1527"}],"curies":[{"name":"wp","href":"https:\/\/api.w.org\/{rel}","templated":true}]}}