{"id":1516,"date":"2018-05-13T11:04:23","date_gmt":"2018-05-13T11:04:23","guid":{"rendered":"http:\/\/dr-rad.at\/tirol\/?p=1516"},"modified":"2019-07-29T06:22:12","modified_gmt":"2019-07-29T06:22:12","slug":"ride-with-passion-through-hoell","status":"publish","type":"post","link":"https:\/\/dr-rad.at\/tirol\/ride-with-passion-through-hoell\/","title":{"rendered":"Ride to H\u00f6ll Jedermann Rennfeeling"},"content":{"rendered":"<div class=\"header-mobile hidden-md hidden-lg\">\n<div class=\"container\">\n<div class=\"col-md-12\"><\/div>\n<\/div>\n<\/div>\n<div class=\"content\">\n<div class=\"headerimage\"><img decoding=\"async\" class=\"image no-lightgallery\" src=\"https:\/\/www.innsbruck-tirol2018.com\/fileadmin\/_processed_\/3\/e\/csm_Ride_to_Hoell_Header3_c_Tirol_Werbung_Franz_Oss_84df2cc33a.jpg\" alt=\"\" \/><\/div>\n<div id=\"c925\" class=\"row ce-typo3-header\">\n<div class=\"col-xs-12 col-md-10 col-md-offset-1\">\n<header>\n<h2 class=\"\">Jedermann-Rennen<\/h2>\n<\/header>\n<\/div>\n<\/div>\n<section id=\"c923\" class=\"ce-page-header container\">\n<div class=\"image\"><\/div>\n<\/section>\n<div class=\"container ce-typo3-text\">\n<div id=\"c919\" class=\"row\">\n<div class=\"col-xs-12\">\n<p class=\"align-center\">Am 29. September 2018 sind limitierte 2018 Hobbysportler zum pers\u00f6nlichen H\u00f6llenritt &#8222;Ride to H\u00f6ll\u201c zugelassen.<\/p>\n<p class=\"align-center\">Die H\u00f6ttinger \u201eH\u00f6ll\u201c (kurzzeitig 28 Prozent steil) wird ein H\u00f6hepunkt des Elite Stra\u00dfenrennens bei der WM.<\/p>\n<\/div>\n<\/div>\n<\/div>\n<div id=\"c917\" class=\"frame frame-default frame-type-html frame-layout-0\">\n<p>&nbsp;<\/p>\n<\/div>\n<div class=\"container ce-typo3-text\">\n<div id=\"c915\" class=\"row\">\n<div class=\"col-xs-12\">\n<p class=\"align-center\">3,2 Kilometer auf 291 H\u00f6henmeter von der Hofburg (offizielles Ziel der UCI Stra\u00dfenrad WM) auf den Gramartboden ganz legal.<\/p>\n<p class=\"align-center\">\u201eQueen und King of H\u00f6ll\u201c heissen die schnellste Frau und der schnellste Mann zwischen H\u00f6ttingergasse und Gramartboden.<\/p>\n<\/div>\n<\/div>\n<\/div>\n<div class=\"container ce-typo3-text\">\n<div id=\"c911\" class=\"row\">\n<div class=\"col-xs-12\">\n<p>&nbsp;<\/p>\n<p>&nbsp;<\/p>\n<\/div>\n<\/div>\n<\/div>\n<section class=\"ce-grosses-bild\">\n<div class=\"container\">\n<div class=\"row\">\n<div class=\"col-md-6\"><\/div>\n<\/div>\n<\/div>\n<\/section>\n<\/div>\n<div class=\"footer\">\n<div class=\"container\">\n<div class=\"row\">\n<form id=\"mc-embedded-subscribe-form\" action=\"https:\/\/innsbruck-tirol2018.us14.list-manage.com\/subscribe\/post?u=f0effabb0a684e6d8e42f3174&amp;id=63614338a2\" method=\"post\" name=\"mc-embedded-subscribe-form\" target=\"_blank\"><\/form>\n<\/div>\n<\/div>\n<\/div>\n","protected":false},"excerpt":{"rendered":"<p>Jedermann-Rennen Am 29. September 2018 sind limitierte 2018 Hobbysportler zum pers\u00f6nlichen H\u00f6llenritt &#8222;Ride to H\u00f6ll\u201c zugelassen. Die H\u00f6ttinger \u201eH\u00f6ll\u201c (kurzzeitig 28 Prozent steil) wird ein H\u00f6hepunkt des Elite Stra\u00dfenrennens bei der WM. &nbsp; 3,2 Kilometer auf 291 H\u00f6henmeter von der Hofburg (offizielles Ziel der UCI Stra\u00dfenrad WM) auf den Gramartboden ganz legal. \u201eQueen und King [&hellip;]<\/p>\n","protected":false},"author":2,"featured_media":0,"comment_status":"closed","ping_status":"closed","sticky":false,"template":"","format":"standard","meta":{"_et_pb_use_builder":"","_et_pb_old_content":"","_et_gb_content_width":"","footnotes":""},"categories":[86],"tags":[],"class_list":["post-1516","post","type-post","status-publish","format-standard","hentry","category-blog"],"_links":{"self":[{"href":"https:\/\/dr-rad.at\/tirol\/wp-json\/wp\/v2\/posts\/1516","targetHints":{"allow":["GET"]}}],"collection":[{"href":"https:\/\/dr-rad.at\/tirol\/wp-json\/wp\/v2\/posts"}],"about":[{"href":"https:\/\/dr-rad.at\/tirol\/wp-json\/wp\/v2\/types\/post"}],"author":[{"embeddable":true,"href":"https:\/\/dr-rad.at\/tirol\/wp-json\/wp\/v2\/users\/2"}],"replies":[{"embeddable":true,"href":"https:\/\/dr-rad.at\/tirol\/wp-json\/wp\/v2\/comments?post=1516"}],"version-history":[{"count":0,"href":"https:\/\/dr-rad.at\/tirol\/wp-json\/wp\/v2\/posts\/1516\/revisions"}],"wp:attachment":[{"href":"https:\/\/dr-rad.at\/tirol\/wp-json\/wp\/v2\/media?parent=1516"}],"wp:term":[{"taxonomy":"category","embeddable":true,"href":"https:\/\/dr-rad.at\/tirol\/wp-json\/wp\/v2\/categories?post=1516"},{"taxonomy":"post_tag","embeddable":true,"href":"https:\/\/dr-rad.at\/tirol\/wp-json\/wp\/v2\/tags?post=1516"}],"curies":[{"name":"wp","href":"https:\/\/api.w.org\/{rel}","templated":true}]}}