{"id":1494,"date":"2018-04-18T23:36:45","date_gmt":"2018-04-18T23:36:45","guid":{"rendered":"http:\/\/dr-rad.at\/tirol\/?p=1494"},"modified":"2019-07-29T06:22:12","modified_gmt":"2019-07-29T06:22:12","slug":"criminal","status":"publish","type":"post","link":"https:\/\/dr-rad.at\/tirol\/criminal\/","title":{"rendered":"H\u00f6ttinger H\u00f6ll als Verbrechen"},"content":{"rendered":"<p style=\"text-align: left;\">http:\/\/m.tt.com\/panorama\/verbrechen\/14254598-91\/radler-testen-wm-schl%C3%BCsselstelle-polizei-erw%C3%A4gt-kontrollen.csp<\/p>\n<p>&nbsp;<\/p>\n<p>Radfahren kann verbrecherisch sein.<\/p>\n<p>Zumindest ordnet die TT jenen Artikel unter Verbrechen ein.<\/p>\n<p>Fein, fein.<\/p>\n<p>&nbsp;<\/p>\n<p>Weiter geht der Klamauk &#8230;<\/p>\n<p>http:\/\/m.tt.com\/sport\/sportreport\/14293744-91\/alle-wollen-in-die-h\u00f6ttinger-h\u00f6ll-fahrverbot-sorgt-f\u00fcr-\u00e4rger.csp<\/p>\n<p>&nbsp;<\/p>\n<p>Wer hier tolerant ist ist garantiert nicht die Tiroler Mentalit\u00e4t&#8230;<\/p>\n<p>&nbsp;<\/p>\n<p>&#8230;zumindest ist dies der Diskussion zu entnehmen&#8230;<\/p>\n","protected":false},"excerpt":{"rendered":"<p>http:\/\/m.tt.com\/panorama\/verbrechen\/14254598-91\/radler-testen-wm-schl%C3%BCsselstelle-polizei-erw%C3%A4gt-kontrollen.csp &nbsp; Radfahren kann verbrecherisch sein. Zumindest ordnet die TT jenen Artikel unter Verbrechen ein. Fein, fein. &nbsp; Weiter geht der Klamauk &#8230; http:\/\/m.tt.com\/sport\/sportreport\/14293744-91\/alle-wollen-in-die-h\u00f6ttinger-h\u00f6ll-fahrverbot-sorgt-f\u00fcr-\u00e4rger.csp &nbsp; Wer hier tolerant ist ist garantiert nicht die Tiroler Mentalit\u00e4t&#8230; &nbsp; &#8230;zumindest ist dies der Diskussion zu entnehmen&#8230;<\/p>\n","protected":false},"author":2,"featured_media":0,"comment_status":"closed","ping_status":"closed","sticky":false,"template":"","format":"standard","meta":{"_et_pb_use_builder":"","_et_pb_old_content":"","_et_gb_content_width":"","footnotes":""},"categories":[161],"tags":[],"class_list":["post-1494","post","type-post","status-publish","format-standard","hentry","category-strassenverkehrsordnung"],"_links":{"self":[{"href":"https:\/\/dr-rad.at\/tirol\/wp-json\/wp\/v2\/posts\/1494","targetHints":{"allow":["GET"]}}],"collection":[{"href":"https:\/\/dr-rad.at\/tirol\/wp-json\/wp\/v2\/posts"}],"about":[{"href":"https:\/\/dr-rad.at\/tirol\/wp-json\/wp\/v2\/types\/post"}],"author":[{"embeddable":true,"href":"https:\/\/dr-rad.at\/tirol\/wp-json\/wp\/v2\/users\/2"}],"replies":[{"embeddable":true,"href":"https:\/\/dr-rad.at\/tirol\/wp-json\/wp\/v2\/comments?post=1494"}],"version-history":[{"count":0,"href":"https:\/\/dr-rad.at\/tirol\/wp-json\/wp\/v2\/posts\/1494\/revisions"}],"wp:attachment":[{"href":"https:\/\/dr-rad.at\/tirol\/wp-json\/wp\/v2\/media?parent=1494"}],"wp:term":[{"taxonomy":"category","embeddable":true,"href":"https:\/\/dr-rad.at\/tirol\/wp-json\/wp\/v2\/categories?post=1494"},{"taxonomy":"post_tag","embeddable":true,"href":"https:\/\/dr-rad.at\/tirol\/wp-json\/wp\/v2\/tags?post=1494"}],"curies":[{"name":"wp","href":"https:\/\/api.w.org\/{rel}","templated":true}]}}