{"id":1481,"date":"2018-04-21T17:51:56","date_gmt":"2018-04-21T17:51:56","guid":{"rendered":"http:\/\/dr-rad.at\/tirol\/?p=1481"},"modified":"2019-07-29T06:22:12","modified_gmt":"2019-07-29T06:22:12","slug":"highway-to-hoell-tour-of-the-alpes-generalprobe","status":"publish","type":"post","link":"https:\/\/dr-rad.at\/tirol\/highway-to-hoell-tour-of-the-alpes-generalprobe\/","title":{"rendered":"Highway to H\u00f6ll statt Tour of the Alpes Generalprobe"},"content":{"rendered":"<p>Die Generalprobe zur Rad WM ist gegl\u00fcckt. Bei sommerlichen Temperaturen ging die 5. Etappe der Tour of the Alps nach Innsbruck.<\/p>\n<p>Ohne H\u00f6tting und Hungerburg aber mit Speed durch Innsbruck.<\/p>\n<p>\u00dcbrigens: Der Streckenabschnitt durch H\u00f6tting (H\u00f6ll) tr\u00e4gt die orts\u00fcbliche Bezeichnung &#8222;Heal&#8220;.<\/p>\n<p>Dies leitet sich von der Form eines Hohlweges ab.<\/p>\n<p>Die WM kann kommen&#8230;.<\/p>\n<p><a href=\"https:\/\/dr-rad.at\/tirol\/wp-content\/uploads\/2018\/04\/DSC_0457.jpg\"><img decoding=\"async\" class=\"alignnone size-medium wp-image-1482\" src=\"https:\/\/dr-rad.at\/tirol\/wp-content\/uploads\/2018\/04\/DSC_0457-300x169.jpg\" alt=\"\" width=\"300\" height=\"169\" srcset=\"https:\/\/dr-rad.at\/tirol\/wp-content\/uploads\/2018\/04\/DSC_0457-300x169.jpg 300w, https:\/\/dr-rad.at\/tirol\/wp-content\/uploads\/2018\/04\/DSC_0457-768x432.jpg 768w, https:\/\/dr-rad.at\/tirol\/wp-content\/uploads\/2018\/04\/DSC_0457-1024x576.jpg 1024w\" sizes=\"(max-width: 300px) 100vw, 300px\" \/><\/a><\/p>\n","protected":false},"excerpt":{"rendered":"<p>Die Generalprobe zur Rad WM ist gegl\u00fcckt. Bei sommerlichen Temperaturen ging die 5. Etappe der Tour of the Alps nach Innsbruck. Ohne H\u00f6tting und Hungerburg aber mit Speed durch Innsbruck. \u00dcbrigens: Der Streckenabschnitt durch H\u00f6tting (H\u00f6ll) tr\u00e4gt die orts\u00fcbliche Bezeichnung &#8222;Heal&#8220;. Dies leitet sich von der Form eines Hohlweges ab. Die WM kann kommen&#8230;.<\/p>\n","protected":false},"author":2,"featured_media":0,"comment_status":"closed","ping_status":"closed","sticky":false,"template":"","format":"standard","meta":{"_et_pb_use_builder":"","_et_pb_old_content":"","_et_gb_content_width":"","footnotes":""},"categories":[157,120,145],"tags":[],"class_list":["post-1481","post","type-post","status-publish","format-standard","hentry","category-alpbachtal","category-profisport-2","category-rad-wm-innsbruck-tirol"],"_links":{"self":[{"href":"https:\/\/dr-rad.at\/tirol\/wp-json\/wp\/v2\/posts\/1481","targetHints":{"allow":["GET"]}}],"collection":[{"href":"https:\/\/dr-rad.at\/tirol\/wp-json\/wp\/v2\/posts"}],"about":[{"href":"https:\/\/dr-rad.at\/tirol\/wp-json\/wp\/v2\/types\/post"}],"author":[{"embeddable":true,"href":"https:\/\/dr-rad.at\/tirol\/wp-json\/wp\/v2\/users\/2"}],"replies":[{"embeddable":true,"href":"https:\/\/dr-rad.at\/tirol\/wp-json\/wp\/v2\/comments?post=1481"}],"version-history":[{"count":0,"href":"https:\/\/dr-rad.at\/tirol\/wp-json\/wp\/v2\/posts\/1481\/revisions"}],"wp:attachment":[{"href":"https:\/\/dr-rad.at\/tirol\/wp-json\/wp\/v2\/media?parent=1481"}],"wp:term":[{"taxonomy":"category","embeddable":true,"href":"https:\/\/dr-rad.at\/tirol\/wp-json\/wp\/v2\/categories?post=1481"},{"taxonomy":"post_tag","embeddable":true,"href":"https:\/\/dr-rad.at\/tirol\/wp-json\/wp\/v2\/tags?post=1481"}],"curies":[{"name":"wp","href":"https:\/\/api.w.org\/{rel}","templated":true}]}}