{"id":1476,"date":"2018-04-20T08:24:13","date_gmt":"2018-04-20T08:24:13","guid":{"rendered":"http:\/\/dr-rad.at\/tirol\/?p=1476"},"modified":"2019-07-29T06:22:12","modified_gmt":"2019-07-29T06:22:12","slug":"tour-of-the-alps-wm-generalprobe","status":"publish","type":"post","link":"https:\/\/dr-rad.at\/tirol\/tour-of-the-alps-wm-generalprobe\/","title":{"rendered":"Tour of the Alps WM Generalprobe"},"content":{"rendered":"<p><a href=\"https:\/\/dr-rad.at\/tirol\/wp-content\/uploads\/2018\/04\/DSC_0446.jpg\"><img decoding=\"async\" class=\"alignnone size-medium wp-image-1477\" src=\"https:\/\/dr-rad.at\/tirol\/wp-content\/uploads\/2018\/04\/DSC_0446-300x169.jpg\" alt=\"\" width=\"300\" height=\"169\" srcset=\"https:\/\/dr-rad.at\/tirol\/wp-content\/uploads\/2018\/04\/DSC_0446-300x169.jpg 300w, https:\/\/dr-rad.at\/tirol\/wp-content\/uploads\/2018\/04\/DSC_0446-768x432.jpg 768w, https:\/\/dr-rad.at\/tirol\/wp-content\/uploads\/2018\/04\/DSC_0446-1024x576.jpg 1024w\" sizes=\"(max-width: 300px) 100vw, 300px\" \/><\/a><\/p>\n<p>Innsbruck ist bereit f\u00fcr die heutige Etappe der Tour of the alps.<\/p>\n<p>Der WM Kurs bzw. das Kernst\u00fcck davon wird im Rennbetrieb durchk\u00e4mmt.<\/p>\n<p>Das Ziel am Rennweg wie auch die Hungerburg werden heute am fr\u00fchen Nachmittag befahren.<\/p>\n<p>Das Labor f\u00fcr Fahrradergonomie wird dabei passiert.<\/p>\n","protected":false},"excerpt":{"rendered":"<p>Innsbruck ist bereit f\u00fcr die heutige Etappe der Tour of the alps. Der WM Kurs bzw. das Kernst\u00fcck davon wird im Rennbetrieb durchk\u00e4mmt. Das Ziel am Rennweg wie auch die Hungerburg werden heute am fr\u00fchen Nachmittag befahren. Das Labor f\u00fcr Fahrradergonomie wird dabei passiert.<\/p>\n","protected":false},"author":2,"featured_media":0,"comment_status":"closed","ping_status":"closed","sticky":false,"template":"","format":"standard","meta":{"_et_pb_use_builder":"","_et_pb_old_content":"","_et_gb_content_width":"","footnotes":""},"categories":[71],"tags":[],"class_list":["post-1476","post","type-post","status-publish","format-standard","hentry","category-bike-city"],"_links":{"self":[{"href":"https:\/\/dr-rad.at\/tirol\/wp-json\/wp\/v2\/posts\/1476","targetHints":{"allow":["GET"]}}],"collection":[{"href":"https:\/\/dr-rad.at\/tirol\/wp-json\/wp\/v2\/posts"}],"about":[{"href":"https:\/\/dr-rad.at\/tirol\/wp-json\/wp\/v2\/types\/post"}],"author":[{"embeddable":true,"href":"https:\/\/dr-rad.at\/tirol\/wp-json\/wp\/v2\/users\/2"}],"replies":[{"embeddable":true,"href":"https:\/\/dr-rad.at\/tirol\/wp-json\/wp\/v2\/comments?post=1476"}],"version-history":[{"count":0,"href":"https:\/\/dr-rad.at\/tirol\/wp-json\/wp\/v2\/posts\/1476\/revisions"}],"wp:attachment":[{"href":"https:\/\/dr-rad.at\/tirol\/wp-json\/wp\/v2\/media?parent=1476"}],"wp:term":[{"taxonomy":"category","embeddable":true,"href":"https:\/\/dr-rad.at\/tirol\/wp-json\/wp\/v2\/categories?post=1476"},{"taxonomy":"post_tag","embeddable":true,"href":"https:\/\/dr-rad.at\/tirol\/wp-json\/wp\/v2\/tags?post=1476"}],"curies":[{"name":"wp","href":"https:\/\/api.w.org\/{rel}","templated":true}]}}