{"id":1472,"date":"2018-04-13T06:59:26","date_gmt":"2018-04-13T06:59:26","guid":{"rendered":"http:\/\/dr-rad.at\/tirol\/?p=1472"},"modified":"2019-07-29T06:22:16","modified_gmt":"2019-07-29T06:22:16","slug":"briefmarke","status":"publish","type":"post","link":"https:\/\/dr-rad.at\/tirol\/briefmarke\/","title":{"rendered":"Sonderbriefmarke und Poststempel"},"content":{"rendered":"<p>Die \u00d6sterreichische Post widmet sich Themen um die analoge Briefmarke im Zeitalter der Emails attraktiver zu machen.<\/p>\n<p>Jedes Jahr werden nur zu speziellen Anl\u00e4ssen Sonderbriefmarken von der \u00d6sterreichischen Post herausgegeben. Die Rad WM passt absolut in diese Auswahl.<\/p>\n<p>Die UCI Stra\u00dfenrad WM 2018 (22. bis 30. September)\u00a0 erh\u00e4lt solch eine Sonderbriefmarke.<\/p>\n<p>175.000 Stra\u00dfenrad WM 2018 Briefmarken werden auf Verlangen in den \u00d6sterreichischen Postfilialen zum Kauf angeboten.<\/p>\n<p>Einen sinngem\u00e4\u00dfen Stempel hat der Philatelistenverein Olympisches Dorf.<\/p>\n<p>Mit der Stadt Innsbruck und dem Organisationskomitee der Stra\u00dfenrad wurde bei der \u00d6sterreichischen Post erfolgreich darum angesucht.<\/p>\n<p>&nbsp;<\/p>\n","protected":false},"excerpt":{"rendered":"<p>Die \u00d6sterreichische Post widmet sich Themen um die analoge Briefmarke im Zeitalter der Emails attraktiver zu machen. Jedes Jahr werden nur zu speziellen Anl\u00e4ssen Sonderbriefmarken von der \u00d6sterreichischen Post herausgegeben. Die Rad WM passt absolut in diese Auswahl. Die UCI Stra\u00dfenrad WM 2018 (22. bis 30. September)\u00a0 erh\u00e4lt solch eine Sonderbriefmarke. 175.000 Stra\u00dfenrad WM 2018 [&hellip;]<\/p>\n","protected":false},"author":2,"featured_media":0,"comment_status":"closed","ping_status":"closed","sticky":false,"template":"","format":"standard","meta":{"_et_pb_use_builder":"","_et_pb_old_content":"","_et_gb_content_width":"","footnotes":""},"categories":[86],"tags":[],"class_list":["post-1472","post","type-post","status-publish","format-standard","hentry","category-blog"],"_links":{"self":[{"href":"https:\/\/dr-rad.at\/tirol\/wp-json\/wp\/v2\/posts\/1472","targetHints":{"allow":["GET"]}}],"collection":[{"href":"https:\/\/dr-rad.at\/tirol\/wp-json\/wp\/v2\/posts"}],"about":[{"href":"https:\/\/dr-rad.at\/tirol\/wp-json\/wp\/v2\/types\/post"}],"author":[{"embeddable":true,"href":"https:\/\/dr-rad.at\/tirol\/wp-json\/wp\/v2\/users\/2"}],"replies":[{"embeddable":true,"href":"https:\/\/dr-rad.at\/tirol\/wp-json\/wp\/v2\/comments?post=1472"}],"version-history":[{"count":0,"href":"https:\/\/dr-rad.at\/tirol\/wp-json\/wp\/v2\/posts\/1472\/revisions"}],"wp:attachment":[{"href":"https:\/\/dr-rad.at\/tirol\/wp-json\/wp\/v2\/media?parent=1472"}],"wp:term":[{"taxonomy":"category","embeddable":true,"href":"https:\/\/dr-rad.at\/tirol\/wp-json\/wp\/v2\/categories?post=1472"},{"taxonomy":"post_tag","embeddable":true,"href":"https:\/\/dr-rad.at\/tirol\/wp-json\/wp\/v2\/tags?post=1472"}],"curies":[{"name":"wp","href":"https:\/\/api.w.org\/{rel}","templated":true}]}}