{"id":1455,"date":"2018-04-15T19:25:23","date_gmt":"2018-04-15T19:25:23","guid":{"rendered":"http:\/\/dr-rad.at\/tirol\/?p=1455"},"modified":"2019-07-29T06:22:16","modified_gmt":"2019-07-29T06:22:16","slug":"bau-und-schau-zur-rad-wm-in-tirol","status":"publish","type":"post","link":"https:\/\/dr-rad.at\/tirol\/bau-und-schau-zur-rad-wm-in-tirol\/","title":{"rendered":"Bau und Schau zur Rad WM in Tirol"},"content":{"rendered":"<h1><a href=\"https:\/\/dr-rad.at\/tirol\/wp-content\/uploads\/2018\/04\/noun_966433_d71f2b.png\"><img decoding=\"async\" class=\"alignnone size-medium wp-image-1457\" src=\"https:\/\/dr-rad.at\/tirol\/wp-content\/uploads\/2018\/04\/noun_966433_d71f2b-300x300.png\" alt=\"\" width=\"300\" height=\"300\" srcset=\"https:\/\/dr-rad.at\/tirol\/wp-content\/uploads\/2018\/04\/noun_966433_d71f2b-300x300.png 300w, https:\/\/dr-rad.at\/tirol\/wp-content\/uploads\/2018\/04\/noun_966433_d71f2b-150x150.png 150w, https:\/\/dr-rad.at\/tirol\/wp-content\/uploads\/2018\/04\/noun_966433_d71f2b-768x768.png 768w, https:\/\/dr-rad.at\/tirol\/wp-content\/uploads\/2018\/04\/noun_966433_d71f2b-1024x1024.png 1024w, https:\/\/dr-rad.at\/tirol\/wp-content\/uploads\/2018\/04\/noun_966433_d71f2b.png 1200w\" sizes=\"(max-width: 300px) 100vw, 300px\" \/><\/a><\/h1>\n<h1>Die ersten Testfahrten und die Tour of the Alps stehen an und trotz Stra\u00dfenarbeiten gibt es viel Lust auf die Rad-WM<\/h1>\n<p class=\"teaser\"><strong>Einige Bauma\u00dfnahmen entlang der Strecke stehen bis September an.<\/strong><\/p>\n<p class=\"teaser\"><strong>Die Stra\u00dfen in Tirol sind in einem sehr guten Zustand wobei General Winter dem Strassebelag zusetzt und Hindernisse planiert werden m\u00fcssen.<\/strong><\/p>\n<p>In Absam, Rum, Vill, Kirchbichl, Zirl und Innsbruck sind sicherheitsdienliche Bauarbeiten geplant Kommissare der UCI werden in einem Lokalaugenschein weitere Defizite aufzeigen.<\/p>\n<p>Fahrbahnteiler oder Kreisverkehre m\u00fcssen beschnitten, begradigt und tempor\u00e4r mit Asphalt versehen werden um den Fluss der Fahrer zu gew\u00e4hrleisten.<\/p>\n<p>Kolportierte 225.000 Euro sind daf\u00fcr veranschlagt, zur Rad WM Woche ist mit bauen selbstverst\u00e4ndlich schluss.<\/p>\n","protected":false},"excerpt":{"rendered":"<p>Die ersten Testfahrten und die Tour of the Alps stehen an und trotz Stra\u00dfenarbeiten gibt es viel Lust auf die Rad-WM Einige Bauma\u00dfnahmen entlang der Strecke stehen bis September an. Die Stra\u00dfen in Tirol sind in einem sehr guten Zustand wobei General Winter dem Strassebelag zusetzt und Hindernisse planiert werden m\u00fcssen. In Absam, Rum, Vill, [&hellip;]<\/p>\n","protected":false},"author":2,"featured_media":0,"comment_status":"closed","ping_status":"closed","sticky":false,"template":"","format":"standard","meta":{"_et_pb_use_builder":"","_et_pb_old_content":"","_et_gb_content_width":"","footnotes":""},"categories":[71],"tags":[],"class_list":["post-1455","post","type-post","status-publish","format-standard","hentry","category-bike-city"],"_links":{"self":[{"href":"https:\/\/dr-rad.at\/tirol\/wp-json\/wp\/v2\/posts\/1455","targetHints":{"allow":["GET"]}}],"collection":[{"href":"https:\/\/dr-rad.at\/tirol\/wp-json\/wp\/v2\/posts"}],"about":[{"href":"https:\/\/dr-rad.at\/tirol\/wp-json\/wp\/v2\/types\/post"}],"author":[{"embeddable":true,"href":"https:\/\/dr-rad.at\/tirol\/wp-json\/wp\/v2\/users\/2"}],"replies":[{"embeddable":true,"href":"https:\/\/dr-rad.at\/tirol\/wp-json\/wp\/v2\/comments?post=1455"}],"version-history":[{"count":0,"href":"https:\/\/dr-rad.at\/tirol\/wp-json\/wp\/v2\/posts\/1455\/revisions"}],"wp:attachment":[{"href":"https:\/\/dr-rad.at\/tirol\/wp-json\/wp\/v2\/media?parent=1455"}],"wp:term":[{"taxonomy":"category","embeddable":true,"href":"https:\/\/dr-rad.at\/tirol\/wp-json\/wp\/v2\/categories?post=1455"},{"taxonomy":"post_tag","embeddable":true,"href":"https:\/\/dr-rad.at\/tirol\/wp-json\/wp\/v2\/tags?post=1455"}],"curies":[{"name":"wp","href":"https:\/\/api.w.org\/{rel}","templated":true}]}}