{"id":1451,"date":"2018-04-03T22:19:32","date_gmt":"2018-04-03T22:19:32","guid":{"rendered":"http:\/\/dr-rad.at\/tirol\/?p=1451"},"modified":"2019-07-29T06:22:16","modified_gmt":"2019-07-29T06:22:16","slug":"wm-ohne-kohle-finanzierung-offen","status":"publish","type":"post","link":"https:\/\/dr-rad.at\/tirol\/wm-ohne-kohle-finanzierung-offen\/","title":{"rendered":"WM ohne Kohle &#8211; Finanzierung offen"},"content":{"rendered":"<p>W\u00e4re die Rad WM ein Start-Up h\u00e4tte sich die Braut zu wenig geschm\u00fcckt um Investoren anzulachen.<br \/>\nEine gewisse disruptive Note kann man der Veranstaltung nicht absprechen, denn eine Sommersportversanstaltung in didesem Ausma\u00df im Schi-narrischen Tirol ist wahrlich ungew\u00f6hnlich.<\/p>\n<p>Noch bevor die Fahrradsaison so richtig angelaufen ist, kommt leider die erste Hiobsbotschaft aus der WM Ecke.<\/p>\n<p>Finanzierungsschwierigkeiten stehen an. Waren es in Bergen (Norwegen, Rad WM 2017) nachtr\u00e4gliche Geldsorgen, so stellen sich in Innsbruck schon im Vorfeld die Haare auf. Die Sponsoren bleiben aus.<\/p>\n<p>Von Seiten der Kritiker und Politik h\u00e4ufen sich die Argumente.<\/p>\n<p>&#8222;Die Durchf\u00fchrung von Gro\u00dfveranstaltungen muss von Beginn an finanziell durchdacht sein und sollte in sinnvollen zeitlichen Abst\u00e4nden erfolgen. Jede Gro\u00dfveranstaltung braucht eine entsprechende Finanzierungsgrundlage, andernfalls werden die Steuerzahler zur Kasse gebeten\u201c ist ein klares und unmissverst\u00e4ndliches Statement vom Sportsprecher des Landes.<\/p>\n<p>In der Hoffnung, dass sich im Vorfeld was tut um nachhaltig ein positives \u00dcberbleibsel f\u00fcr die Tiroler Radler oder auch ohne Fahrrad zu finden, bleibt die Erwartung an den Duft der Wettkampf-\u00d6l einmassierten Wadeln aufrecht.<\/p>\n","protected":false},"excerpt":{"rendered":"<p>W\u00e4re die Rad WM ein Start-Up h\u00e4tte sich die Braut zu wenig geschm\u00fcckt um Investoren anzulachen. Eine gewisse disruptive Note kann man der Veranstaltung nicht absprechen, denn eine Sommersportversanstaltung in didesem Ausma\u00df im Schi-narrischen Tirol ist wahrlich ungew\u00f6hnlich. Noch bevor die Fahrradsaison so richtig angelaufen ist, kommt leider die erste Hiobsbotschaft aus der WM Ecke. [&hellip;]<\/p>\n","protected":false},"author":2,"featured_media":1453,"comment_status":"closed","ping_status":"closed","sticky":false,"template":"","format":"standard","meta":{"_et_pb_use_builder":"","_et_pb_old_content":"","_et_gb_content_width":"","footnotes":""},"categories":[71,119,145],"tags":[],"class_list":["post-1451","post","type-post","status-publish","format-standard","has-post-thumbnail","hentry","category-bike-city","category-profisport","category-rad-wm-innsbruck-tirol"],"_links":{"self":[{"href":"https:\/\/dr-rad.at\/tirol\/wp-json\/wp\/v2\/posts\/1451","targetHints":{"allow":["GET"]}}],"collection":[{"href":"https:\/\/dr-rad.at\/tirol\/wp-json\/wp\/v2\/posts"}],"about":[{"href":"https:\/\/dr-rad.at\/tirol\/wp-json\/wp\/v2\/types\/post"}],"author":[{"embeddable":true,"href":"https:\/\/dr-rad.at\/tirol\/wp-json\/wp\/v2\/users\/2"}],"replies":[{"embeddable":true,"href":"https:\/\/dr-rad.at\/tirol\/wp-json\/wp\/v2\/comments?post=1451"}],"version-history":[{"count":0,"href":"https:\/\/dr-rad.at\/tirol\/wp-json\/wp\/v2\/posts\/1451\/revisions"}],"wp:featuredmedia":[{"embeddable":true,"href":"https:\/\/dr-rad.at\/tirol\/wp-json\/wp\/v2\/media\/1453"}],"wp:attachment":[{"href":"https:\/\/dr-rad.at\/tirol\/wp-json\/wp\/v2\/media?parent=1451"}],"wp:term":[{"taxonomy":"category","embeddable":true,"href":"https:\/\/dr-rad.at\/tirol\/wp-json\/wp\/v2\/categories?post=1451"},{"taxonomy":"post_tag","embeddable":true,"href":"https:\/\/dr-rad.at\/tirol\/wp-json\/wp\/v2\/tags?post=1451"}],"curies":[{"name":"wp","href":"https:\/\/api.w.org\/{rel}","templated":true}]}}