{"id":1445,"date":"2018-04-02T13:52:36","date_gmt":"2018-04-02T13:52:36","guid":{"rendered":"http:\/\/dr-rad.at\/tirol\/?p=1445"},"modified":"2019-07-29T06:22:16","modified_gmt":"2019-07-29T06:22:16","slug":"die-schoene-neue-bike-welt","status":"publish","type":"post","link":"https:\/\/dr-rad.at\/tirol\/die-schoene-neue-bike-welt\/","title":{"rendered":"Sch\u00f6ne neue Bike Welt"},"content":{"rendered":"<h2 style=\"text-align: left;\">Das Fahrrad<\/h2>\n<blockquote>\n<h3 style=\"text-align: left;\">Im Jahr 2017<\/h3>\n<\/blockquote>\n<p>&nbsp;<\/p>\n<p>in Anlehnung aus der Oster SZ&#8230;<\/p>\n<p>Das Fahrrad feierte vergangenes Jahr seinen 200. Geburtstag. Am Beginn seiner Geschichte war es ein Spielzeug f\u00fcr Reiche und Adelige, sp\u00e4ter dann lange Zeit ehrliches Fortbewegungsmittel f\u00fcr Studenten. Es hat das Jahrhundert des Automobils geduldig \u00fcberstanden und steht jetzt in den St\u00e4dten besser da als je zuvor. Niemand spricht heute mehr von Kaufhaus Radln, stattdessen geht es um edle Vintage-Stahlrahmen, die Vorz\u00fcge des Riemenantriebs und die Preise von Custom-Bikes, f\u00fcr die schon die Schl\u00f6sser so viel kosten wie fr\u00fcher das ber\u00fcchtigte Konsum-Rad.<\/p>\n<p>W\u00e4hrend sich das Auto derzeit dringend neu erfinden muss, steht das alte Rad jedenfalls fest mit beiden Reifen in der Gesellschaft, es ist gesund, leise, umweltfreundlich und schnell, und mit solchen Attributen kann man heute mehr individuelle Klasse beweisen als mit Firmenwagen oder Taxi. F\u00fcr den smart-urbanen Antritt gibt man deshalb Geld aus, der durchschnittliche Verkaufspreis f\u00fcr Fahrr\u00e4der ist\u00a0 rasant gestiegen. In Deutschland von 460 Euro im Jahr 2010 auf schon 698 Euro im Jahr 2017. Man f\u00e4hrt unter der Woche stilvoll in die Arbeit, und f\u00fcrs Wochenende steht noch ein echtes, f\u00fcnfstelliges Sportrad in der Garage. Oder ein E-Bike, das noch mal neue K\u00e4ufer- und Preisschichten erschlie\u00dft.<\/p>\n<p>Vom eiernden Not-Vehikel hat sich das Fahrrad zum Statement-Spielzeug f\u00fcr Mode und Design entwickelt. Top-Hotels f\u00fchren selbstverst\u00e4ndlich einen Fuhrpark mit formsch\u00f6nen R\u00e4dern. Luxuslabels stellen sich Bikes als urbanen Frischekick ins Schaufenster oder bieten sie gleich selbst an. Wie teuer und wie schlicht ein Fahrrad gleichzeitig sein kann, das loten Bike-Manufakturen in den St\u00e4dten aus, stolze Besitzer h\u00e4ngen sich ihr Vintage-Velo gleich an die Zimmerwand. Mit einem schnittigen Stadtrad, erregt man vor der Bar mehr Aufsehen als mit einem Sportwagen. Und das gute Gewissen zeigt man dabei ebenso gerne vor wie den sauber gemufften Stahlrahmen.<\/p>\n","protected":false},"excerpt":{"rendered":"<p>Das Fahrrad Im Jahr 2017 &nbsp; in Anlehnung aus der Oster SZ&#8230; Das Fahrrad feierte vergangenes Jahr seinen 200. Geburtstag. Am Beginn seiner Geschichte war es ein Spielzeug f\u00fcr Reiche und Adelige, sp\u00e4ter dann lange Zeit ehrliches Fortbewegungsmittel f\u00fcr Studenten. Es hat das Jahrhundert des Automobils geduldig \u00fcberstanden und steht jetzt in den St\u00e4dten besser [&hellip;]<\/p>\n","protected":false},"author":2,"featured_media":0,"comment_status":"closed","ping_status":"closed","sticky":false,"template":"","format":"standard","meta":{"_et_pb_use_builder":"","_et_pb_old_content":"","_et_gb_content_width":"","footnotes":""},"categories":[86],"tags":[],"class_list":["post-1445","post","type-post","status-publish","format-standard","hentry","category-blog"],"_links":{"self":[{"href":"https:\/\/dr-rad.at\/tirol\/wp-json\/wp\/v2\/posts\/1445","targetHints":{"allow":["GET"]}}],"collection":[{"href":"https:\/\/dr-rad.at\/tirol\/wp-json\/wp\/v2\/posts"}],"about":[{"href":"https:\/\/dr-rad.at\/tirol\/wp-json\/wp\/v2\/types\/post"}],"author":[{"embeddable":true,"href":"https:\/\/dr-rad.at\/tirol\/wp-json\/wp\/v2\/users\/2"}],"replies":[{"embeddable":true,"href":"https:\/\/dr-rad.at\/tirol\/wp-json\/wp\/v2\/comments?post=1445"}],"version-history":[{"count":0,"href":"https:\/\/dr-rad.at\/tirol\/wp-json\/wp\/v2\/posts\/1445\/revisions"}],"wp:attachment":[{"href":"https:\/\/dr-rad.at\/tirol\/wp-json\/wp\/v2\/media?parent=1445"}],"wp:term":[{"taxonomy":"category","embeddable":true,"href":"https:\/\/dr-rad.at\/tirol\/wp-json\/wp\/v2\/categories?post=1445"},{"taxonomy":"post_tag","embeddable":true,"href":"https:\/\/dr-rad.at\/tirol\/wp-json\/wp\/v2\/tags?post=1445"}],"curies":[{"name":"wp","href":"https:\/\/api.w.org\/{rel}","templated":true}]}}