{"id":1424,"date":"2018-03-07T21:42:31","date_gmt":"2018-03-07T21:42:31","guid":{"rendered":"http:\/\/dr-rad.at\/tirol\/?p=1424"},"modified":"2019-07-29T06:22:16","modified_gmt":"2019-07-29T06:22:16","slug":"radl-festival-in-innsbruck","status":"publish","type":"post","link":"https:\/\/dr-rad.at\/tirol\/radl-festival-in-innsbruck\/","title":{"rendered":"Radl Festival in Innsbruck"},"content":{"rendered":"<p>Die neuesten City-, Mountain- und E-Bikes beim\u00a03. Tiroler Radl Festival als Teil der 35. Fr\u00fchjahrsmesse.<\/p>\n<p>Testparcours und die Stuntshow von Tom \u00d6hler runden das Angebot auf der Innsbrucker Fr\u00fchjahrsmesse ab.<\/p>\n<p>Von 8. bis 11. M\u00e4rz am Innsbrucker Messegel\u00e4nde.<\/p>\n","protected":false},"excerpt":{"rendered":"<p>Die neuesten City-, Mountain- und E-Bikes beim\u00a03. Tiroler Radl Festival als Teil der 35. Fr\u00fchjahrsmesse. Testparcours und die Stuntshow von Tom \u00d6hler runden das Angebot auf der Innsbrucker Fr\u00fchjahrsmesse ab. Von 8. bis 11. M\u00e4rz am Innsbrucker Messegel\u00e4nde.<\/p>\n","protected":false},"author":2,"featured_media":0,"comment_status":"closed","ping_status":"closed","sticky":false,"template":"","format":"standard","meta":{"_et_pb_use_builder":"","_et_pb_old_content":"","_et_gb_content_width":"","footnotes":""},"categories":[68,122],"tags":[],"class_list":["post-1424","post","type-post","status-publish","format-standard","hentry","category-radtechnik","category-veranstaltung"],"_links":{"self":[{"href":"https:\/\/dr-rad.at\/tirol\/wp-json\/wp\/v2\/posts\/1424","targetHints":{"allow":["GET"]}}],"collection":[{"href":"https:\/\/dr-rad.at\/tirol\/wp-json\/wp\/v2\/posts"}],"about":[{"href":"https:\/\/dr-rad.at\/tirol\/wp-json\/wp\/v2\/types\/post"}],"author":[{"embeddable":true,"href":"https:\/\/dr-rad.at\/tirol\/wp-json\/wp\/v2\/users\/2"}],"replies":[{"embeddable":true,"href":"https:\/\/dr-rad.at\/tirol\/wp-json\/wp\/v2\/comments?post=1424"}],"version-history":[{"count":0,"href":"https:\/\/dr-rad.at\/tirol\/wp-json\/wp\/v2\/posts\/1424\/revisions"}],"wp:attachment":[{"href":"https:\/\/dr-rad.at\/tirol\/wp-json\/wp\/v2\/media?parent=1424"}],"wp:term":[{"taxonomy":"category","embeddable":true,"href":"https:\/\/dr-rad.at\/tirol\/wp-json\/wp\/v2\/categories?post=1424"},{"taxonomy":"post_tag","embeddable":true,"href":"https:\/\/dr-rad.at\/tirol\/wp-json\/wp\/v2\/tags?post=1424"}],"curies":[{"name":"wp","href":"https:\/\/api.w.org\/{rel}","templated":true}]}}