{"id":1413,"date":"2018-03-06T06:06:08","date_gmt":"2018-03-06T06:06:08","guid":{"rendered":"http:\/\/dr-rad.at\/tirol\/?p=1413"},"modified":"2019-07-29T06:22:18","modified_gmt":"2019-07-29T06:22:18","slug":"haus-der-musik-und-die-tiroler-gemeinden","status":"publish","type":"post","link":"https:\/\/dr-rad.at\/tirol\/haus-der-musik-und-die-tiroler-gemeinden\/","title":{"rendered":"Haus der Musik und die Tiroler Gemeinden"},"content":{"rendered":"<p>Das WM Jahr ist schon 2 Monate alt.<\/p>\n<p>Die Radsaison ist noch jung. Aber die Vorbereitungen zur WM laufen.<\/p>\n<p>Jene D\u00f6rfer und Gemeinden durch die Profis im September durchfahren haben alle H\u00e4nde voll zu tun.<\/p>\n<p>&nbsp;<\/p>\n<p>http:\/\/m.tt.com\/politik\/landespolitik\/14082364-91\/innsbrucker-gr\u00fcne-stehen-zu-vorplatz-und-kosten.csp<\/p>\n<p>&nbsp;<\/p>\n<p>http:\/\/m.tt.com\/panorama\/14057422-91\/sicherheit-f\u00fcr-die-rad-wm-gemeinden-m\u00fcssen-nachr\u00fcsten.csp<\/p>\n","protected":false},"excerpt":{"rendered":"<p>Das WM Jahr ist schon 2 Monate alt. Die Radsaison ist noch jung. Aber die Vorbereitungen zur WM laufen. Jene D\u00f6rfer und Gemeinden durch die Profis im September durchfahren haben alle H\u00e4nde voll zu tun. &nbsp; http:\/\/m.tt.com\/politik\/landespolitik\/14082364-91\/innsbrucker-gr\u00fcne-stehen-zu-vorplatz-und-kosten.csp &nbsp; http:\/\/m.tt.com\/panorama\/14057422-91\/sicherheit-f\u00fcr-die-rad-wm-gemeinden-m\u00fcssen-nachr\u00fcsten.csp<\/p>\n","protected":false},"author":2,"featured_media":0,"comment_status":"closed","ping_status":"closed","sticky":false,"template":"","format":"standard","meta":{"_et_pb_use_builder":"","_et_pb_old_content":"","_et_gb_content_width":"","footnotes":""},"categories":[86],"tags":[],"class_list":["post-1413","post","type-post","status-publish","format-standard","hentry","category-blog"],"_links":{"self":[{"href":"https:\/\/dr-rad.at\/tirol\/wp-json\/wp\/v2\/posts\/1413","targetHints":{"allow":["GET"]}}],"collection":[{"href":"https:\/\/dr-rad.at\/tirol\/wp-json\/wp\/v2\/posts"}],"about":[{"href":"https:\/\/dr-rad.at\/tirol\/wp-json\/wp\/v2\/types\/post"}],"author":[{"embeddable":true,"href":"https:\/\/dr-rad.at\/tirol\/wp-json\/wp\/v2\/users\/2"}],"replies":[{"embeddable":true,"href":"https:\/\/dr-rad.at\/tirol\/wp-json\/wp\/v2\/comments?post=1413"}],"version-history":[{"count":0,"href":"https:\/\/dr-rad.at\/tirol\/wp-json\/wp\/v2\/posts\/1413\/revisions"}],"wp:attachment":[{"href":"https:\/\/dr-rad.at\/tirol\/wp-json\/wp\/v2\/media?parent=1413"}],"wp:term":[{"taxonomy":"category","embeddable":true,"href":"https:\/\/dr-rad.at\/tirol\/wp-json\/wp\/v2\/categories?post=1413"},{"taxonomy":"post_tag","embeddable":true,"href":"https:\/\/dr-rad.at\/tirol\/wp-json\/wp\/v2\/tags?post=1413"}],"curies":[{"name":"wp","href":"https:\/\/api.w.org\/{rel}","templated":true}]}}