{"id":1383,"date":"2018-01-27T18:00:31","date_gmt":"2018-01-27T18:00:31","guid":{"rendered":"http:\/\/dr-rad.at\/tirol\/?p=1383"},"modified":"2019-07-29T06:22:22","modified_gmt":"2019-07-29T06:22:22","slug":"peakbreak","status":"publish","type":"post","link":"https:\/\/dr-rad.at\/tirol\/peakbreak\/","title":{"rendered":"Peakbreak das Radrennen f\u00fcr Jedermann"},"content":{"rendered":"<p><span class=\"FtxtBold\">Seit 10 Jahren findet das Etappenrennen mit dem Rennrad \u00fcber die Alpen \u00fcber die Dauer von einer Woche statt.<\/span><\/p>\n<p>Rennradfahrer aus mittlerweilen 20 Nationen geben sich das herausfordernde Etappenrennen.<\/p>\n<p class=\"FtxtP\">Die Strecke geht \u00fcber das\u00a0<span class=\"FtxtBold\">Gr\u00f6dner-, das Stilfser-,\u00a0 und das Timmelsjoch. Sowie \u00fcber<\/span>\u00a0die h\u00f6chste befahrbare Stra\u00dfe Europas: dem\u00a0<span class=\"FtxtBold\">Rennenbachferner im \u00d6tztal.<\/span><\/p>\n<p class=\"FtxtP\"><span class=\"FtxtBold\">Alle Etappen haben eine Bergankunft und stellen so ein\u00a0<\/span>Radsporterlebnis f\u00fcr ambitionierte Hobbysportler dar, das es in Europa nicht noch einmal zu finden sein wird.<\/p>\n<p class=\"FtxtP\">Erstmals in der Geschichte des Rennens enden alle Etappen in einer Bergankunft.<\/p>\n<p class=\"FtxtP\">Tour Feeling auf sieben Etappen, wobei die erste Etappe in Innsbruck beginnt. Von Mutters aus dreht das Teilnehmerfeld eine Runde auf dem WM Kurs.<\/p>\n<p class=\"FtxtP\">Die zweite ab der Bergisel Schanze f\u00fchrt \u00fcber den Brenner nach S\u00fcdtirol wo das W\u00fcrzjoch und das Gr\u00f6dnerjoch zu erklimmen sind.<\/p>\n<p class=\"FtxtP\">Tag Drei vom Gr\u00f6dnertal auf die Seiseralm.<\/p>\n<p class=\"FtxtP\">Tag Vier gewinnt man in Sulden.<\/p>\n<p class=\"FtxtP\">F\u00fcnf Tage unterwegs bietet das Einzelzeitfahren auf das Stilfserjoch den Einsatz an B\u00e4renkr\u00e4ften und als<\/p>\n<p class=\"FtxtP\">K\u00f6nigsetappe wartet das Timmelsjoch, S\u00f6lden und der Rettenbachgletscher.<\/p>\n<p class=\"FtxtP\">Das Finale \u00fcber\u00a0das K\u00fchtai nach Mutters liest sich dagegen fast flach.<\/p>\n<p class=\"FtxtP\"><span class=\"FtxtBold\">Der Etappenplan:<\/span><br \/>\nEtappe 1: Mutters &#8211; Maria Waldrast<br \/>\nEtappe 2: Innsbruck &#8211; Gr\u00f6dnerjoch<br \/>\nEtappe 3: Gr\u00f6den &#8211; Seiseralm<br \/>\nEtappe 4: Gr\u00f6den &#8211; Sulden<br \/>\nEtappe 5: Sulden &#8211; Stilfserjoch<br \/>\nEtappe 6: Sulden &#8211; Rettenbachferner<br \/>\nEtappe 7: S\u00f6lden &#8211; Mutters<\/p>\n<p class=\"FtxtP\">Kategorien:<\/p>\n<p class=\"FtxtP\">Einzelwertung f\u00fcr Damen und 4x AK Herren<\/p>\n<p class=\"FtxtP\">2er-Teams<\/p>\n<p>&nbsp;<\/p>\n<p class=\"FtxtP\">N\u00e4here Infos unter:\u00a0\u00a0<a href=\"http:\/\/www.peakbreak.com\/pressarea\" target=\"_blank\" rel=\"nofollow noopener\">www.peakbreak.com<\/a><\/p>\n","protected":false},"excerpt":{"rendered":"<p>Seit 10 Jahren findet das Etappenrennen mit dem Rennrad \u00fcber die Alpen \u00fcber die Dauer von einer Woche statt. Rennradfahrer aus mittlerweilen 20 Nationen geben sich das herausfordernde Etappenrennen. Die Strecke geht \u00fcber das\u00a0Gr\u00f6dner-, das Stilfser-,\u00a0 und das Timmelsjoch. Sowie \u00fcber\u00a0die h\u00f6chste befahrbare Stra\u00dfe Europas: dem\u00a0Rennenbachferner im \u00d6tztal. Alle Etappen haben eine Bergankunft und stellen [&hellip;]<\/p>\n","protected":false},"author":2,"featured_media":1387,"comment_status":"closed","ping_status":"closed","sticky":false,"template":"","format":"standard","meta":{"_et_pb_use_builder":"","_et_pb_old_content":"","_et_gb_content_width":"","footnotes":""},"categories":[122],"tags":[],"class_list":["post-1383","post","type-post","status-publish","format-standard","has-post-thumbnail","hentry","category-veranstaltung"],"_links":{"self":[{"href":"https:\/\/dr-rad.at\/tirol\/wp-json\/wp\/v2\/posts\/1383","targetHints":{"allow":["GET"]}}],"collection":[{"href":"https:\/\/dr-rad.at\/tirol\/wp-json\/wp\/v2\/posts"}],"about":[{"href":"https:\/\/dr-rad.at\/tirol\/wp-json\/wp\/v2\/types\/post"}],"author":[{"embeddable":true,"href":"https:\/\/dr-rad.at\/tirol\/wp-json\/wp\/v2\/users\/2"}],"replies":[{"embeddable":true,"href":"https:\/\/dr-rad.at\/tirol\/wp-json\/wp\/v2\/comments?post=1383"}],"version-history":[{"count":0,"href":"https:\/\/dr-rad.at\/tirol\/wp-json\/wp\/v2\/posts\/1383\/revisions"}],"wp:featuredmedia":[{"embeddable":true,"href":"https:\/\/dr-rad.at\/tirol\/wp-json\/wp\/v2\/media\/1387"}],"wp:attachment":[{"href":"https:\/\/dr-rad.at\/tirol\/wp-json\/wp\/v2\/media?parent=1383"}],"wp:term":[{"taxonomy":"category","embeddable":true,"href":"https:\/\/dr-rad.at\/tirol\/wp-json\/wp\/v2\/categories?post=1383"},{"taxonomy":"post_tag","embeddable":true,"href":"https:\/\/dr-rad.at\/tirol\/wp-json\/wp\/v2\/tags?post=1383"}],"curies":[{"name":"wp","href":"https:\/\/api.w.org\/{rel}","templated":true}]}}