{"id":1354,"date":"2018-01-03T10:31:51","date_gmt":"2018-01-03T10:31:51","guid":{"rendered":"http:\/\/dr-rad.at\/tirol\/?p=1354"},"modified":"2019-07-29T06:22:23","modified_gmt":"2019-07-29T06:22:23","slug":"pro-oetztaler-aut","status":"publish","type":"post","link":"https:\/\/dr-rad.at\/tirol\/pro-oetztaler-aut\/","title":{"rendered":"Pro \u00d6tztaler AUT"},"content":{"rendered":"<p><a href=\"https:\/\/dr-rad.at\/tirol\/wp-content\/uploads\/2018\/01\/Eddy-Mercxx.png\"><img decoding=\"async\" class=\"alignnone  wp-image-1358\" src=\"https:\/\/dr-rad.at\/tirol\/wp-content\/uploads\/2018\/01\/Eddy-Mercxx-300x300.png\" alt=\"\" width=\"172\" height=\"172\" srcset=\"https:\/\/dr-rad.at\/tirol\/wp-content\/uploads\/2018\/01\/Eddy-Mercxx-300x300.png 300w, https:\/\/dr-rad.at\/tirol\/wp-content\/uploads\/2018\/01\/Eddy-Mercxx-150x150.png 150w, https:\/\/dr-rad.at\/tirol\/wp-content\/uploads\/2018\/01\/Eddy-Mercxx-768x768.png 768w, https:\/\/dr-rad.at\/tirol\/wp-content\/uploads\/2018\/01\/Eddy-Mercxx-1024x1024.png 1024w, https:\/\/dr-rad.at\/tirol\/wp-content\/uploads\/2018\/01\/Eddy-Mercxx.png 1200w\" sizes=\"(max-width: 172px) 100vw, 172px\" \/><\/a><\/p>\n<p>In S\u00f6lden hat sich der Traum vorerst ausgetr\u00e4umt, zumindest f\u00fcr die Profiteams. Die fehlende TV Pr\u00e4senz aufgrund von Terminproblemen des UCI Rennkalenders vereitelt eine zweite Austragung der Profivariante des \u00d6tztalmarathons. Soviel zu den Tiroler news zu Beginn einer neuen Radsaison.<\/p>\n<p>&nbsp;<\/p>\n<p>F\u00fcr diese alles Gute, viel Erfolg und Kilometer am Rad!<\/p>\n<p>&nbsp;<\/p>\n","protected":false},"excerpt":{"rendered":"<p>In S\u00f6lden hat sich der Traum vorerst ausgetr\u00e4umt, zumindest f\u00fcr die Profiteams. Die fehlende TV Pr\u00e4senz aufgrund von Terminproblemen des UCI Rennkalenders vereitelt eine zweite Austragung der Profivariante des \u00d6tztalmarathons. Soviel zu den Tiroler news zu Beginn einer neuen Radsaison. &nbsp; F\u00fcr diese alles Gute, viel Erfolg und Kilometer am Rad! &nbsp;<\/p>\n","protected":false},"author":2,"featured_media":0,"comment_status":"closed","ping_status":"closed","sticky":false,"template":"","format":"standard","meta":{"_et_pb_use_builder":"","_et_pb_old_content":"","_et_gb_content_width":"","footnotes":""},"categories":[86],"tags":[],"class_list":["post-1354","post","type-post","status-publish","format-standard","hentry","category-blog"],"_links":{"self":[{"href":"https:\/\/dr-rad.at\/tirol\/wp-json\/wp\/v2\/posts\/1354","targetHints":{"allow":["GET"]}}],"collection":[{"href":"https:\/\/dr-rad.at\/tirol\/wp-json\/wp\/v2\/posts"}],"about":[{"href":"https:\/\/dr-rad.at\/tirol\/wp-json\/wp\/v2\/types\/post"}],"author":[{"embeddable":true,"href":"https:\/\/dr-rad.at\/tirol\/wp-json\/wp\/v2\/users\/2"}],"replies":[{"embeddable":true,"href":"https:\/\/dr-rad.at\/tirol\/wp-json\/wp\/v2\/comments?post=1354"}],"version-history":[{"count":0,"href":"https:\/\/dr-rad.at\/tirol\/wp-json\/wp\/v2\/posts\/1354\/revisions"}],"wp:attachment":[{"href":"https:\/\/dr-rad.at\/tirol\/wp-json\/wp\/v2\/media?parent=1354"}],"wp:term":[{"taxonomy":"category","embeddable":true,"href":"https:\/\/dr-rad.at\/tirol\/wp-json\/wp\/v2\/categories?post=1354"},{"taxonomy":"post_tag","embeddable":true,"href":"https:\/\/dr-rad.at\/tirol\/wp-json\/wp\/v2\/tags?post=1354"}],"curies":[{"name":"wp","href":"https:\/\/api.w.org\/{rel}","templated":true}]}}