{"id":1332,"date":"2017-10-12T14:27:45","date_gmt":"2017-10-12T14:27:45","guid":{"rendered":"http:\/\/dr-rad.at\/tirol\/?p=1332"},"modified":"2019-07-29T06:22:23","modified_gmt":"2019-07-29T06:22:23","slug":"hecher-gp","status":"publish","type":"post","link":"https:\/\/dr-rad.at\/tirol\/hecher-gp\/","title":{"rendered":"Hecher GP"},"content":{"rendered":"<p align=\"left\"><span style=\"color: #000080; font-size: large;\">Der Hecher GP geht am Samstag den 14.10. das 2. Mal in Szene. Das spektakul\u00e4re Bergrennen f\u00fcr MTB und E-MTB geht \u00fcber 1300 H\u00f6henmeter auf &#8222;Hoch Schwaz&#8220;.<\/span><\/p>\n<p align=\"left\"><span style=\"color: #000080; font-size: large;\">Als Preis winkt die<br \/>\nVerlosung eines E-Bikes f\u00fcr alle Anwesenden.<br \/>\n<\/span><span style=\"color: #000080; font-size: large;\">Der Start ist um 13.00 Uhr beim probike in Schwaz, die Schnellsten werden gegen 14.00 Uhr beim Hecher mit oder ohne Strom erwartet.<br \/>\nMit einer Austropop Party schliesst sich die Radsaison f\u00fcr Jedermann in Tirol.<\/span><\/p>\n","protected":false},"excerpt":{"rendered":"<p>Der Hecher GP geht am Samstag den 14.10. das 2. Mal in Szene. Das spektakul\u00e4re Bergrennen f\u00fcr MTB und E-MTB geht \u00fcber 1300 H\u00f6henmeter auf &#8222;Hoch Schwaz&#8220;. Als Preis winkt die Verlosung eines E-Bikes f\u00fcr alle Anwesenden. Der Start ist um 13.00 Uhr beim probike in Schwaz, die Schnellsten werden gegen 14.00 Uhr beim Hecher [&hellip;]<\/p>\n","protected":false},"author":2,"featured_media":1336,"comment_status":"closed","ping_status":"closed","sticky":false,"template":"","format":"standard","meta":{"_et_pb_use_builder":"","_et_pb_old_content":"","_et_gb_content_width":"","footnotes":""},"categories":[149],"tags":[],"class_list":["post-1332","post","type-post","status-publish","format-standard","has-post-thumbnail","hentry","category-e-bike"],"_links":{"self":[{"href":"https:\/\/dr-rad.at\/tirol\/wp-json\/wp\/v2\/posts\/1332","targetHints":{"allow":["GET"]}}],"collection":[{"href":"https:\/\/dr-rad.at\/tirol\/wp-json\/wp\/v2\/posts"}],"about":[{"href":"https:\/\/dr-rad.at\/tirol\/wp-json\/wp\/v2\/types\/post"}],"author":[{"embeddable":true,"href":"https:\/\/dr-rad.at\/tirol\/wp-json\/wp\/v2\/users\/2"}],"replies":[{"embeddable":true,"href":"https:\/\/dr-rad.at\/tirol\/wp-json\/wp\/v2\/comments?post=1332"}],"version-history":[{"count":0,"href":"https:\/\/dr-rad.at\/tirol\/wp-json\/wp\/v2\/posts\/1332\/revisions"}],"wp:featuredmedia":[{"embeddable":true,"href":"https:\/\/dr-rad.at\/tirol\/wp-json\/wp\/v2\/media\/1336"}],"wp:attachment":[{"href":"https:\/\/dr-rad.at\/tirol\/wp-json\/wp\/v2\/media?parent=1332"}],"wp:term":[{"taxonomy":"category","embeddable":true,"href":"https:\/\/dr-rad.at\/tirol\/wp-json\/wp\/v2\/categories?post=1332"},{"taxonomy":"post_tag","embeddable":true,"href":"https:\/\/dr-rad.at\/tirol\/wp-json\/wp\/v2\/tags?post=1332"}],"curies":[{"name":"wp","href":"https:\/\/api.w.org\/{rel}","templated":true}]}}