{"id":1329,"date":"2017-09-28T17:04:46","date_gmt":"2017-09-28T17:04:46","guid":{"rendered":"http:\/\/dr-rad.at\/tirol\/?p=1329"},"modified":"2019-07-29T06:22:23","modified_gmt":"2019-07-29T06:22:23","slug":"giro-start-in-israel","status":"publish","type":"post","link":"https:\/\/dr-rad.at\/tirol\/giro-start-in-israel\/","title":{"rendered":"Giro Start in Israel"},"content":{"rendered":"<p>Wenn man es nicht mindestens doppelt nachlesen w\u00fcrde, glaubt man es nicht. Da wo viel Glauben seinen Ursprung hat wird der Giro d`Italia seinen Prolog 2018 durchf\u00fchren. Jerusalem beherbergt den Giro Tross und \u00f6ffnet seine Strassen f\u00fcr Radsportgeschichte.<br \/>\nTirol ist nicht weit entfernt von Italia, was wiederum nicht weit von Israel entfernt ist. Die Radsaison 2018 wird dem Tiroler Radsportler einige Leckerbissen bereithalten. Ob er nun auf einem Gipfelkreuz oder zuhause auf Youtube die Wettk\u00e4mpfe verfolgt, w\u00fcnschenswert w\u00e4re viel positiver Spirit in der Community.<br \/>\n<span class=\"article-heading__title\">Im Gedenken an Gino Bartali wird jedenfalls die <\/span>Botschaft des Friedens, der Koexistenz und der Macht des Sports, Menschen zusammenzubringen.<\/p>\n","protected":false},"excerpt":{"rendered":"<p>Wenn man es nicht mindestens doppelt nachlesen w\u00fcrde, glaubt man es nicht. Da wo viel Glauben seinen Ursprung hat wird der Giro d`Italia seinen Prolog 2018 durchf\u00fchren. Jerusalem beherbergt den Giro Tross und \u00f6ffnet seine Strassen f\u00fcr Radsportgeschichte. Tirol ist nicht weit entfernt von Italia, was wiederum nicht weit von Israel entfernt ist. Die Radsaison [&hellip;]<\/p>\n","protected":false},"author":2,"featured_media":0,"comment_status":"closed","ping_status":"closed","sticky":false,"template":"","format":"standard","meta":{"_et_pb_use_builder":"","_et_pb_old_content":"","_et_gb_content_width":"","footnotes":""},"categories":[120],"tags":[148],"class_list":["post-1329","post","type-post","status-publish","format-standard","hentry","category-profisport-2","tag-tirol-jerusalem"],"_links":{"self":[{"href":"https:\/\/dr-rad.at\/tirol\/wp-json\/wp\/v2\/posts\/1329","targetHints":{"allow":["GET"]}}],"collection":[{"href":"https:\/\/dr-rad.at\/tirol\/wp-json\/wp\/v2\/posts"}],"about":[{"href":"https:\/\/dr-rad.at\/tirol\/wp-json\/wp\/v2\/types\/post"}],"author":[{"embeddable":true,"href":"https:\/\/dr-rad.at\/tirol\/wp-json\/wp\/v2\/users\/2"}],"replies":[{"embeddable":true,"href":"https:\/\/dr-rad.at\/tirol\/wp-json\/wp\/v2\/comments?post=1329"}],"version-history":[{"count":0,"href":"https:\/\/dr-rad.at\/tirol\/wp-json\/wp\/v2\/posts\/1329\/revisions"}],"wp:attachment":[{"href":"https:\/\/dr-rad.at\/tirol\/wp-json\/wp\/v2\/media?parent=1329"}],"wp:term":[{"taxonomy":"category","embeddable":true,"href":"https:\/\/dr-rad.at\/tirol\/wp-json\/wp\/v2\/categories?post=1329"},{"taxonomy":"post_tag","embeddable":true,"href":"https:\/\/dr-rad.at\/tirol\/wp-json\/wp\/v2\/tags?post=1329"}],"curies":[{"name":"wp","href":"https:\/\/api.w.org\/{rel}","templated":true}]}}