{"id":1323,"date":"2017-09-30T18:53:48","date_gmt":"2017-09-30T18:53:48","guid":{"rendered":"http:\/\/dr-rad.at\/tirol\/?p=1323"},"modified":"2019-07-29T06:22:23","modified_gmt":"2019-07-29T06:22:23","slug":"hohe-beteiligung-an-der-rad-wm-in-tirol","status":"publish","type":"post","link":"https:\/\/dr-rad.at\/tirol\/hohe-beteiligung-an-der-rad-wm-in-tirol\/","title":{"rendered":"Hohe Beteiligung an der Rad-WM in Tirol"},"content":{"rendered":"<p>Hohe Erwartungen werden an die Rad-WM in Tirol gehegt.<br \/>\n300.000 G\u00e4ste plus 200 Millionen Fernsehzuseher sind die kolportierten Zahlen die vom 23. bis 30. September 2018 eintreffen sollten.<br \/>\nSomit wird diese Rad WM die gr\u00f6\u00dfte Sommerveranstaltung im Raum Innsbruck.<br \/>\nVillach und Salzburg haben es vorgemacht, jetzt gilt es f\u00fcr Tirol einen draufzusetzen. In Sachen Olympische Spiele hat sich Innsbruck inklusive Youth &amp; Childrens Games vier mal einen Namen gemacht, die Erwartungen der heimischen Bev\u00f6lkerung liegen also demenstprechend hoch.<br \/>\nDie erfreulich hohe Beteiligung an freiwilligen Mitarbeitern soll Motivation genug sein aus der Woche in der sich Innsbruck im Rad dreht etwas Bleibendes zu hinterlassen. \u00dcber 2000 sollen es schon sein, die sich zwischen mindestens 40 Kilometer Absperrgittern und 10 Bannerkilometern\u00a0 tummeln werden.<br \/>\nDer emotionale H\u00f6hepunkt wird h\u00f6chstwahrscheinlich die Passage durch die H\u00f6ttinger H\u00f6ll sein.<br \/>\nDie 4670 H\u00f6henmeter auf 265 Kilometer verteilt werden dort ihr Maximum von 25 % erreichen.<\/p>\n","protected":false},"excerpt":{"rendered":"<p>Hohe Erwartungen werden an die Rad-WM in Tirol gehegt. 300.000 G\u00e4ste plus 200 Millionen Fernsehzuseher sind die kolportierten Zahlen die vom 23. bis 30. September 2018 eintreffen sollten. Somit wird diese Rad WM die gr\u00f6\u00dfte Sommerveranstaltung im Raum Innsbruck. Villach und Salzburg haben es vorgemacht, jetzt gilt es f\u00fcr Tirol einen draufzusetzen. In Sachen Olympische [&hellip;]<\/p>\n","protected":false},"author":2,"featured_media":1324,"comment_status":"closed","ping_status":"closed","sticky":false,"template":"","format":"standard","meta":{"_et_pb_use_builder":"","_et_pb_old_content":"","_et_gb_content_width":"","footnotes":""},"categories":[145],"tags":[75],"class_list":["post-1323","post","type-post","status-publish","format-standard","has-post-thumbnail","hentry","category-rad-wm-innsbruck-tirol","tag-innsbruck"],"_links":{"self":[{"href":"https:\/\/dr-rad.at\/tirol\/wp-json\/wp\/v2\/posts\/1323","targetHints":{"allow":["GET"]}}],"collection":[{"href":"https:\/\/dr-rad.at\/tirol\/wp-json\/wp\/v2\/posts"}],"about":[{"href":"https:\/\/dr-rad.at\/tirol\/wp-json\/wp\/v2\/types\/post"}],"author":[{"embeddable":true,"href":"https:\/\/dr-rad.at\/tirol\/wp-json\/wp\/v2\/users\/2"}],"replies":[{"embeddable":true,"href":"https:\/\/dr-rad.at\/tirol\/wp-json\/wp\/v2\/comments?post=1323"}],"version-history":[{"count":0,"href":"https:\/\/dr-rad.at\/tirol\/wp-json\/wp\/v2\/posts\/1323\/revisions"}],"wp:featuredmedia":[{"embeddable":true,"href":"https:\/\/dr-rad.at\/tirol\/wp-json\/wp\/v2\/media\/1324"}],"wp:attachment":[{"href":"https:\/\/dr-rad.at\/tirol\/wp-json\/wp\/v2\/media?parent=1323"}],"wp:term":[{"taxonomy":"category","embeddable":true,"href":"https:\/\/dr-rad.at\/tirol\/wp-json\/wp\/v2\/categories?post=1323"},{"taxonomy":"post_tag","embeddable":true,"href":"https:\/\/dr-rad.at\/tirol\/wp-json\/wp\/v2\/tags?post=1323"}],"curies":[{"name":"wp","href":"https:\/\/api.w.org\/{rel}","templated":true}]}}