{"id":1302,"date":"2017-09-20T21:43:33","date_gmt":"2017-09-20T21:43:33","guid":{"rendered":"http:\/\/dr-rad.at\/tirol\/?p=1302"},"modified":"2019-07-29T06:22:23","modified_gmt":"2019-07-29T06:22:23","slug":"haertester-rad-wm-kurs-aller-zeiten","status":"publish","type":"post","link":"https:\/\/dr-rad.at\/tirol\/haertester-rad-wm-kurs-aller-zeiten\/","title":{"rendered":"H\u00e4rtester Rad WM Kurs aller Zeiten"},"content":{"rendered":"<div id=\"nav\">\n<div id=\"og_head\" class=\"\">\n<div id=\"og_q\">\n<div class=\"og_h\">\n<div class=\"og_m\">\n<div class=\"og_v\">Die Rohdaten der Strassen Rad WM Elite Entscheidung am 30.09.2018 mit Start in Kufstein und Ziel in<\/div>\n<div class=\"og_v\">Innsbruck (574 m.\u00fc.d.M):<\/div>\n<\/div>\n<\/div>\n<\/div>\n<\/div>\n<\/div>\n<div id=\"views\">\n<div id=\"cv_\" class=\" dh \">\n<div class=\"fh\">\n<div class=\"Xg\">\n<div class=\"Qi\">\n<div class=\"Dj\">\n<div class=\"Vh\">\n<div id=\"cvcmsg_15ea368da7febbd9\" class=\"Eh\">\n<div id=\"cvcfullmsg_15ea368da7febbd9\" class=\"bi\">\n<div id=\"cvcmsgbod_15ea368da7febbd9\" class=\"fj\">\n<div class=\"Si\">\n<div class=\"ti ui \" dir=\"ltr\">\n<div dir=\"ltr\">\n<div>\n<div>\n<div>\n<p>Distanz: 260 km, inkl 5,6 km neutralisiert, 4670 H\u00f6henmeter, h\u00f6chster Punkt 1039 m,Rundkurs lang 31 km, letzte Erhebung 899 m, Rundkurs kurz 23,9 km<\/p>\n<p>Jetzt ist die Katze aus dem Sack, die Strecke der Rad WM in Innsbruck Tirol ist nun offiziell. Was lokale Insider l\u00e4ngst vermutet haben wird dies eine spannende Herausforderung f\u00fcr all jene Profis die am Renntag nach 230 Rennkilometern noch immer um die Entscheidung mitk\u00e4mpfen werden. Denn der Gramartboden, vielen Tirolern als Kinderspiel- und Grillplatz &#8211; quasi am Fu\u00dfe der H\u00f6ttinger Alm &#8211; bekannt, wird von H\u00f6tting aus erklommen. Durch die sogenannte &#8222;H\u00f6ll&#8220;.<\/p>\n<p>Hier wird ein Rettungskranz notwendig sein, da sie im Sitzen bei feuchten Verh\u00e4ltnissen kaum zu durchstehen ist. Diese Berg\u00fcbersetzung wird aber nur einmal n\u00f6tig sein, da die Durchfahrt erst in den finalen Kilometern der Rennstrecke gemeistert wird. Wer es dann bis hierher geschafft hat kann sich \u00fcber eine rasante Abfahrt \u00fcber die H\u00f6henstrasse freuen und hat es bis ins Ziel nicht mehr weit. Der Teufelslappen h\u00e4ngt n\u00e4mlich schon am Rennweg unweit des ORF Landesstudios.<\/p>\n<p>Als Intermezzo und Vorspiel zum finalen Ritt durch die H\u00f6ll (7,1 km) darf ein Rundkurs 6x absolviert werden. Auf der anderen Talseite, also s\u00fcdlich von Innsbruck nach Aldrans, Lans, zur Patscherkofelbahn \u00fcber Igls wieder nach Innsbruck laufen diese 23,9 Kilometer lang. Am Rennweg werden die Fahrer also mit dem Start insgesamt 7x plus Zieleinfahrt zu sehen sein.<br \/>\nAls Zuschauer wird der Spagat der letzten Steigung s\u00fcdlich wie auch n\u00f6rdlich nicht zu schaffen sein. Die letzte Auffahrt nach Igls wird wohl der H\u00f6ll zum Opfer fallen, will man dort dabei sein. Ansonsten ist es eine feine &#8222;Schischaukel&#8220; die sich als h\u00e4rteste WM Strecke aller Zeiten pr\u00e4sentieren will.<\/p>\n<p>Manch eingefleischter Radfan h\u00e4tte sich diese lange und kurze Runde in Kombination sicher \u00f6fter zu durchfahren gew\u00fcnscht, aber wer die \u00f6rtliche Situation kennt kann sich den logistischen Aufwand wie auch den strassensperrenm\u00e4\u00dfigen Aufstand vorstellen. Da geht dann nichts mehr. Wer nicht vorhat ohnehin Rad WM zu schauen, wird \u00fcber die Unannehmlichkeiten einer Rennrad Veranstaltung fluchen. Nicht nur deshalb ist es l\u00e4ngst Zeit die Einwohner auf dieses Event hin zu mobilisieren wie auch zu sensibilisieren.<\/p>\n<\/div>\n<\/div>\n<\/div>\n<\/div>\n<\/div>\n<\/div>\n<\/div>\n<\/div>\n<\/div>\n<\/div>\n<\/div>\n<\/div>\n<\/div>\n<\/div>\n<\/div>\n<\/div>\n<p><a id=\"nefos-ui-embedWidget-172782\" href=\"#\"><\/a><script type=\"text\/javascript\">var script = document.createElement(\"script\");script.onload = script.onreadystatechange = function() {nefos.utils.EmbedContent({id: \"nefos-ui-embedWidget-172782\", src: \"https:\/\/tirol.mapservices.eu\/nefos_app\/frontend\/page\/radwm2018\/de\/embed?id[0]=59126841&panelType=detail&panelTitle=&renderScrollButtons=true&systemName=nefos_tirol&renderImages=true&requestProtocol=https:&requestHost=maps.innsbruck-tirol2018.com&mapType=gdi_summer&mapHeight=120\", width: 700, height: 400});};script.type = \"text\/javascript\";script.src = \"https:\/\/tirol.mapservices.eu\/nefos_app\/page\/embed\/embed.js\";document.body.appendChild(script);<\/script><\/p>\n","protected":false},"excerpt":{"rendered":"<p>Die Rohdaten der Strassen Rad WM Elite Entscheidung am 30.09.2018 mit Start in Kufstein und Ziel in Innsbruck (574 m.\u00fc.d.M): Distanz: 260 km, inkl 5,6 km neutralisiert, 4670 H\u00f6henmeter, h\u00f6chster Punkt 1039 m,Rundkurs lang 31 km, letzte Erhebung 899 m, Rundkurs kurz 23,9 km Jetzt ist die Katze aus dem Sack, die Strecke der Rad [&hellip;]<\/p>\n","protected":false},"author":2,"featured_media":1304,"comment_status":"closed","ping_status":"closed","sticky":false,"template":"","format":"standard","meta":{"_et_pb_use_builder":"","_et_pb_old_content":"","_et_gb_content_width":"","footnotes":""},"categories":[120,92,122],"tags":[],"class_list":["post-1302","post","type-post","status-publish","format-standard","has-post-thumbnail","hentry","category-profisport-2","category-rennrad","category-veranstaltung"],"_links":{"self":[{"href":"https:\/\/dr-rad.at\/tirol\/wp-json\/wp\/v2\/posts\/1302","targetHints":{"allow":["GET"]}}],"collection":[{"href":"https:\/\/dr-rad.at\/tirol\/wp-json\/wp\/v2\/posts"}],"about":[{"href":"https:\/\/dr-rad.at\/tirol\/wp-json\/wp\/v2\/types\/post"}],"author":[{"embeddable":true,"href":"https:\/\/dr-rad.at\/tirol\/wp-json\/wp\/v2\/users\/2"}],"replies":[{"embeddable":true,"href":"https:\/\/dr-rad.at\/tirol\/wp-json\/wp\/v2\/comments?post=1302"}],"version-history":[{"count":0,"href":"https:\/\/dr-rad.at\/tirol\/wp-json\/wp\/v2\/posts\/1302\/revisions"}],"wp:featuredmedia":[{"embeddable":true,"href":"https:\/\/dr-rad.at\/tirol\/wp-json\/wp\/v2\/media\/1304"}],"wp:attachment":[{"href":"https:\/\/dr-rad.at\/tirol\/wp-json\/wp\/v2\/media?parent=1302"}],"wp:term":[{"taxonomy":"category","embeddable":true,"href":"https:\/\/dr-rad.at\/tirol\/wp-json\/wp\/v2\/categories?post=1302"},{"taxonomy":"post_tag","embeddable":true,"href":"https:\/\/dr-rad.at\/tirol\/wp-json\/wp\/v2\/tags?post=1302"}],"curies":[{"name":"wp","href":"https:\/\/api.w.org\/{rel}","templated":true}]}}