{"id":1268,"date":"2017-09-09T07:54:38","date_gmt":"2017-09-09T07:54:38","guid":{"rendered":"http:\/\/dr-rad.at\/tirol\/?p=1268"},"modified":"2019-07-29T06:22:23","modified_gmt":"2019-07-29T06:22:23","slug":"kufsteinerland","status":"publish","type":"post","link":"https:\/\/dr-rad.at\/tirol\/kufsteinerland\/","title":{"rendered":"Kufsteinerland Radmarathon"},"content":{"rendered":"<p>Zum 2. mal findet der Kufsteinerland Radmarathon rund um die Festungsstadt statt. Landschaftlich, weltoffen und anspruchsvoll.<\/p>\n<p>Das herbstliche Saisonfinale in Kufstein.<\/p>\n<p>Festungsstadtsprint, Panoramarunde mit Randprogramm, Expo und dem\u00a0Radmarathon selbst.<\/p>\n<p>120 km auf 1800 H\u00f6henmeter von<br \/>\nKufstein \u00fcber Vorderthiersee &#8211; Schmiedtal &#8211; Hinterthiersee &#8211; Mitterland &#8211; Vorderthiersee &#8211; Kufstein &#8211; Unterlangkampfen &#8211; Niederbreitenbach &#8211; Mariastein &#8211; Breitenbach &#8211; Reintaler See &#8211; Kramsach &#8211; Brandenberg &#8211; Pinegg &#8211; Aschau &#8211; Kramsach &#8211; Radfeld &#8211; Breitenbach &#8211; Kleins\u00f6ll &#8211; Angerberg &#8211; Angath &#8211; Oberlangkampfen &#8211; Kirchbichl &#8211; Bad H\u00e4ring &#8211; Schwoich bis zur\u00fcck nach Kufstein.<br \/>\nEin sch\u00f6ner Ausklang der pre-WM Saison.<\/p>\n","protected":false},"excerpt":{"rendered":"<p>Zum 2. mal findet der Kufsteinerland Radmarathon rund um die Festungsstadt statt. Landschaftlich, weltoffen und anspruchsvoll. Das herbstliche Saisonfinale in Kufstein. Festungsstadtsprint, Panoramarunde mit Randprogramm, Expo und dem\u00a0Radmarathon selbst. 120 km auf 1800 H\u00f6henmeter von Kufstein \u00fcber Vorderthiersee &#8211; Schmiedtal &#8211; Hinterthiersee &#8211; Mitterland &#8211; Vorderthiersee &#8211; Kufstein &#8211; Unterlangkampfen &#8211; Niederbreitenbach &#8211; Mariastein &#8211; [&hellip;]<\/p>\n","protected":false},"author":2,"featured_media":1269,"comment_status":"closed","ping_status":"closed","sticky":false,"template":"","format":"standard","meta":{"_et_pb_use_builder":"","_et_pb_old_content":"","_et_gb_content_width":"","footnotes":""},"categories":[122],"tags":[],"class_list":["post-1268","post","type-post","status-publish","format-standard","has-post-thumbnail","hentry","category-veranstaltung"],"_links":{"self":[{"href":"https:\/\/dr-rad.at\/tirol\/wp-json\/wp\/v2\/posts\/1268","targetHints":{"allow":["GET"]}}],"collection":[{"href":"https:\/\/dr-rad.at\/tirol\/wp-json\/wp\/v2\/posts"}],"about":[{"href":"https:\/\/dr-rad.at\/tirol\/wp-json\/wp\/v2\/types\/post"}],"author":[{"embeddable":true,"href":"https:\/\/dr-rad.at\/tirol\/wp-json\/wp\/v2\/users\/2"}],"replies":[{"embeddable":true,"href":"https:\/\/dr-rad.at\/tirol\/wp-json\/wp\/v2\/comments?post=1268"}],"version-history":[{"count":0,"href":"https:\/\/dr-rad.at\/tirol\/wp-json\/wp\/v2\/posts\/1268\/revisions"}],"wp:featuredmedia":[{"embeddable":true,"href":"https:\/\/dr-rad.at\/tirol\/wp-json\/wp\/v2\/media\/1269"}],"wp:attachment":[{"href":"https:\/\/dr-rad.at\/tirol\/wp-json\/wp\/v2\/media?parent=1268"}],"wp:term":[{"taxonomy":"category","embeddable":true,"href":"https:\/\/dr-rad.at\/tirol\/wp-json\/wp\/v2\/categories?post=1268"},{"taxonomy":"post_tag","embeddable":true,"href":"https:\/\/dr-rad.at\/tirol\/wp-json\/wp\/v2\/tags?post=1268"}],"curies":[{"name":"wp","href":"https:\/\/api.w.org\/{rel}","templated":true}]}}