{"id":1255,"date":"2017-09-05T15:22:47","date_gmt":"2017-09-05T15:22:47","guid":{"rendered":"http:\/\/dr-rad.at\/tirol\/?p=1255"},"modified":"2019-07-29T06:22:23","modified_gmt":"2019-07-29T06:22:23","slug":"ride-with-passion-tour-auf-der-strecke-der-rad-wm","status":"publish","type":"post","link":"https:\/\/dr-rad.at\/tirol\/ride-with-passion-tour-auf-der-strecke-der-rad-wm\/","title":{"rendered":"Ride with passion Tour auf der Strecke der Rad WM"},"content":{"rendered":"<div id=\"nav\">\n<div id=\"og_head\" class=\"\">\n<div id=\"og_p\">\n<div>\n<div class=\"og_m\">Am\u00a0<span style=\"color: #1d2129; font-family: 'Helvetica Neue', Helvetica, Arial, sans-serif;\">24. September wird die mittlerweilen zum Kult gewordene &#8222;Ride with passion Tour\u201c ausgetragen.<\/span><\/div>\n<div>Diesen Termin sollte sich jeder Rennradler und auch jene die \u00fcber die Strasse hinaus fahren im Kalender eintragen.<\/div>\n<\/div>\n<\/div>\n<\/div>\n<\/div>\n<div id=\"views\">\n<div id=\"cv_\" class=\" dh \">\n<div class=\"fh\">\n<div class=\"Xg\">\n<div class=\"Qi\">\n<div class=\"Dj\">\n<div class=\"Vh\">\n<div id=\"cvcmsg_15e473e1a0372972\" class=\"Eh\">\n<div id=\"cvcfullmsg_15e473e1a0372972\" class=\"bi\">\n<div id=\"cvcmsgbod_15e473e1a0372972\" class=\"fj\">\n<div class=\"Si\">\n<div class=\"ti ui \" dir=\"ltr\">\n<div><\/div>\n<div>Der Landhaus Platz in Innsbruck empf\u00e4ngt alle Teams und Einzelstarter welche im Start- und Zielbereich der RWP Tour, die den Countdown zur Rad-WM Innsbruck\/Tirol 2018 einz\u00e4hlen.<\/div>\n<div>Ein Public Viewing \u00fcbertr\u00e4gt die Rad WM aus Bergen, Norwegen. Das Stra\u00dfenrennen der M\u00e4nner wird<span style=\"color: #1d2129; font-family: 'Helvetica Neue', Helvetica, Arial, sans-serif;\">\u00a0live zu sehen sein.<\/span><\/div>\n<div>Zur\u00fcck zur heimischen WM: H\u00f6hepunkte der WM-Strecke rund um Innsbruck werden auf der Ride with passion Tour angefahren.<\/div>\n<div><\/div>\n<div>Als Botschafter und Stimmungsmacher unterst\u00fctzen die Teilnehmer somit den ultimativen H\u00f6hepunkt im n\u00e4chsten\u00a0<span style=\"color: #1d2129; font-family: 'Helvetica Neue', Helvetica, Arial, sans-serif;\">Jahr.<\/span><\/div>\n<div>Also auf in den heimischen Saisonabschluss!<\/div>\n<\/div>\n<\/div>\n<\/div>\n<\/div>\n<\/div>\n<\/div>\n<\/div>\n<\/div>\n<\/div>\n<\/div>\n<\/div>\n<\/div>\n","protected":false},"excerpt":{"rendered":"<p>Am\u00a024. September wird die mittlerweilen zum Kult gewordene &#8222;Ride with passion Tour\u201c ausgetragen. Diesen Termin sollte sich jeder Rennradler und auch jene die \u00fcber die Strasse hinaus fahren im Kalender eintragen. Der Landhaus Platz in Innsbruck empf\u00e4ngt alle Teams und Einzelstarter welche im Start- und Zielbereich der RWP Tour, die den Countdown zur Rad-WM Innsbruck\/Tirol [&hellip;]<\/p>\n","protected":false},"author":2,"featured_media":1256,"comment_status":"closed","ping_status":"closed","sticky":false,"template":"","format":"standard","meta":{"_et_pb_use_builder":"","_et_pb_old_content":"","_et_gb_content_width":"","footnotes":""},"categories":[140,108,141],"tags":[],"class_list":["post-1255","post","type-post","status-publish","format-standard","has-post-thumbnail","hentry","category-cyclocross","category-radrunde","category-sightseeing"],"_links":{"self":[{"href":"https:\/\/dr-rad.at\/tirol\/wp-json\/wp\/v2\/posts\/1255","targetHints":{"allow":["GET"]}}],"collection":[{"href":"https:\/\/dr-rad.at\/tirol\/wp-json\/wp\/v2\/posts"}],"about":[{"href":"https:\/\/dr-rad.at\/tirol\/wp-json\/wp\/v2\/types\/post"}],"author":[{"embeddable":true,"href":"https:\/\/dr-rad.at\/tirol\/wp-json\/wp\/v2\/users\/2"}],"replies":[{"embeddable":true,"href":"https:\/\/dr-rad.at\/tirol\/wp-json\/wp\/v2\/comments?post=1255"}],"version-history":[{"count":0,"href":"https:\/\/dr-rad.at\/tirol\/wp-json\/wp\/v2\/posts\/1255\/revisions"}],"wp:featuredmedia":[{"embeddable":true,"href":"https:\/\/dr-rad.at\/tirol\/wp-json\/wp\/v2\/media\/1256"}],"wp:attachment":[{"href":"https:\/\/dr-rad.at\/tirol\/wp-json\/wp\/v2\/media?parent=1255"}],"wp:term":[{"taxonomy":"category","embeddable":true,"href":"https:\/\/dr-rad.at\/tirol\/wp-json\/wp\/v2\/categories?post=1255"},{"taxonomy":"post_tag","embeddable":true,"href":"https:\/\/dr-rad.at\/tirol\/wp-json\/wp\/v2\/tags?post=1255"}],"curies":[{"name":"wp","href":"https:\/\/api.w.org\/{rel}","templated":true}]}}