{"id":1183,"date":"2017-07-09T20:24:12","date_gmt":"2017-07-09T20:24:12","guid":{"rendered":"http:\/\/dr-rad.at\/tirol\/?p=1183"},"modified":"2019-07-29T06:22:24","modified_gmt":"2019-07-29T06:22:24","slug":"oesterreich-radrundfahrt-sieger","status":"publish","type":"post","link":"https:\/\/dr-rad.at\/tirol\/oesterreich-radrundfahrt-sieger\/","title":{"rendered":"\u00d6sterreich Radrundfahrt Sieger"},"content":{"rendered":"<p>Der Sieg der diesj\u00e4hrigen \u00d6sterreich Radrundfahrt geht nach \u00d6sterreich, genauer nach Tirol.<\/p>\n<p>Der Stubaier Stefan Denifl holt f\u00fcr sein Aqua Blue Sport Team den Gesamtsieg der Tour d` Autriche 2017.<\/p>\n<p>Sauber!<br \/>\nGratulation!<\/p>\n","protected":false},"excerpt":{"rendered":"<p>Der Sieg der diesj\u00e4hrigen \u00d6sterreich Radrundfahrt geht nach \u00d6sterreich, genauer nach Tirol. Der Stubaier Stefan Denifl holt f\u00fcr sein Aqua Blue Sport Team den Gesamtsieg der Tour d` Autriche 2017. Sauber! Gratulation!<\/p>\n","protected":false},"author":2,"featured_media":0,"comment_status":"closed","ping_status":"closed","sticky":false,"template":"","format":"standard","meta":{"_et_pb_use_builder":"","_et_pb_old_content":"","_et_gb_content_width":"","footnotes":""},"categories":[86],"tags":[],"class_list":["post-1183","post","type-post","status-publish","format-standard","hentry","category-blog"],"_links":{"self":[{"href":"https:\/\/dr-rad.at\/tirol\/wp-json\/wp\/v2\/posts\/1183","targetHints":{"allow":["GET"]}}],"collection":[{"href":"https:\/\/dr-rad.at\/tirol\/wp-json\/wp\/v2\/posts"}],"about":[{"href":"https:\/\/dr-rad.at\/tirol\/wp-json\/wp\/v2\/types\/post"}],"author":[{"embeddable":true,"href":"https:\/\/dr-rad.at\/tirol\/wp-json\/wp\/v2\/users\/2"}],"replies":[{"embeddable":true,"href":"https:\/\/dr-rad.at\/tirol\/wp-json\/wp\/v2\/comments?post=1183"}],"version-history":[{"count":0,"href":"https:\/\/dr-rad.at\/tirol\/wp-json\/wp\/v2\/posts\/1183\/revisions"}],"wp:attachment":[{"href":"https:\/\/dr-rad.at\/tirol\/wp-json\/wp\/v2\/media?parent=1183"}],"wp:term":[{"taxonomy":"category","embeddable":true,"href":"https:\/\/dr-rad.at\/tirol\/wp-json\/wp\/v2\/categories?post=1183"},{"taxonomy":"post_tag","embeddable":true,"href":"https:\/\/dr-rad.at\/tirol\/wp-json\/wp\/v2\/tags?post=1183"}],"curies":[{"name":"wp","href":"https:\/\/api.w.org\/{rel}","templated":true}]}}