{"id":1146,"date":"2017-06-15T08:29:16","date_gmt":"2017-06-15T08:29:16","guid":{"rendered":"http:\/\/dr-rad.at\/tirol\/?p=1146"},"modified":"2019-07-29T06:22:25","modified_gmt":"2019-07-29T06:22:25","slug":"tatze-bike-components-und-green-bycicles-stellen-bei-crankworx-gemeinsam-aus","status":"publish","type":"post","link":"https:\/\/dr-rad.at\/tirol\/tatze-bike-components-und-green-bycicles-stellen-bei-crankworx-gemeinsam-aus\/","title":{"rendered":"Tatze bike components und Green Bycicles stellen bei Crankworx gemeinsam aus"},"content":{"rendered":"<p>Mit \u2665klopfen schreiten die Vorbereitungen zum Event des Jahres voran. Die gr\u00f6sste Party rund um die zwei Laufr\u00e4der, welche Innsbruck je erlebt hat steigt in wenigen Tagen. Das Air + Style des Sommers gastiert auf den Fl\u00e4chen der Muttereralm.<\/p>\n<p>Mittendrin darf sich das Team Tatze erstmals der \u00d6ffentlichkeit zeigen.<\/p>\n<p>Mit Add Flat&#8216; s in vielen Farben und 2 Prototypen neuartiger Mtb Pedale wird die Expo nicht nur bunt sondern green. Mit Green Bycicles werden wir frische Couleur Akzente setzen.<\/p>\n<p>C u there!<\/p>\n","protected":false},"excerpt":{"rendered":"<p>Mit \u2665klopfen schreiten die Vorbereitungen zum Event des Jahres voran. Die gr\u00f6sste Party rund um die zwei Laufr\u00e4der, welche Innsbruck je erlebt hat steigt in wenigen Tagen. Das Air + Style des Sommers gastiert auf den Fl\u00e4chen der Muttereralm. Mittendrin darf sich das Team Tatze erstmals der \u00d6ffentlichkeit zeigen. Mit Add Flat&#8216; s in vielen [&hellip;]<\/p>\n","protected":false},"author":2,"featured_media":0,"comment_status":"closed","ping_status":"closed","sticky":false,"template":"","format":"standard","meta":{"_et_pb_use_builder":"","_et_pb_old_content":"","_et_gb_content_width":"","footnotes":""},"categories":[136,124,123],"tags":[],"class_list":["post-1146","post","type-post","status-publish","format-standard","hentry","category-crankworx","category-fahrrad-austellung","category-fahrradmesse"],"_links":{"self":[{"href":"https:\/\/dr-rad.at\/tirol\/wp-json\/wp\/v2\/posts\/1146","targetHints":{"allow":["GET"]}}],"collection":[{"href":"https:\/\/dr-rad.at\/tirol\/wp-json\/wp\/v2\/posts"}],"about":[{"href":"https:\/\/dr-rad.at\/tirol\/wp-json\/wp\/v2\/types\/post"}],"author":[{"embeddable":true,"href":"https:\/\/dr-rad.at\/tirol\/wp-json\/wp\/v2\/users\/2"}],"replies":[{"embeddable":true,"href":"https:\/\/dr-rad.at\/tirol\/wp-json\/wp\/v2\/comments?post=1146"}],"version-history":[{"count":0,"href":"https:\/\/dr-rad.at\/tirol\/wp-json\/wp\/v2\/posts\/1146\/revisions"}],"wp:attachment":[{"href":"https:\/\/dr-rad.at\/tirol\/wp-json\/wp\/v2\/media?parent=1146"}],"wp:term":[{"taxonomy":"category","embeddable":true,"href":"https:\/\/dr-rad.at\/tirol\/wp-json\/wp\/v2\/categories?post=1146"},{"taxonomy":"post_tag","embeddable":true,"href":"https:\/\/dr-rad.at\/tirol\/wp-json\/wp\/v2\/tags?post=1146"}],"curies":[{"name":"wp","href":"https:\/\/api.w.org\/{rel}","templated":true}]}}