{"id":1123,"date":"2017-05-28T12:27:59","date_gmt":"2017-05-28T12:27:59","guid":{"rendered":"http:\/\/dr-rad.at\/tirol\/?p=1123"},"modified":"2019-07-29T06:22:25","modified_gmt":"2019-07-29T06:22:25","slug":"von-watt-und-wadln-e-bikes-boomen","status":"publish","type":"post","link":"https:\/\/dr-rad.at\/tirol\/von-watt-und-wadln-e-bikes-boomen\/","title":{"rendered":"Von Watt und Wadln E-Bikes boomen"},"content":{"rendered":"<p>Ein aktueller Beitrag auf ORF Tirol (http:\/\/tirol.orf.at\/news\/stories\/2845817\/)<br \/>\nbeleuchtet den E-Bike-Boom. L\u00e4ngst ist das E-Bike salonf\u00e4hig geworden, nicht nur f\u00fcr jene die sich bergauf schwer tun.<br \/>\nEin Bikefitting zahlt sich auch in dieser Kategorie aus. Dann wird es in allen Belangen leichter.<\/p>\n","protected":false},"excerpt":{"rendered":"<p>Ein aktueller Beitrag auf ORF Tirol (http:\/\/tirol.orf.at\/news\/stories\/2845817\/) beleuchtet den E-Bike-Boom. L\u00e4ngst ist das E-Bike salonf\u00e4hig geworden, nicht nur f\u00fcr jene die sich bergauf schwer tun. Ein Bikefitting zahlt sich auch in dieser Kategorie aus. Dann wird es in allen Belangen leichter.<\/p>\n","protected":false},"author":2,"featured_media":0,"comment_status":"closed","ping_status":"closed","sticky":false,"template":"","format":"standard","meta":{"_et_pb_use_builder":"","_et_pb_old_content":"","_et_gb_content_width":"","footnotes":""},"categories":[86],"tags":[],"class_list":["post-1123","post","type-post","status-publish","format-standard","hentry","category-blog"],"_links":{"self":[{"href":"https:\/\/dr-rad.at\/tirol\/wp-json\/wp\/v2\/posts\/1123","targetHints":{"allow":["GET"]}}],"collection":[{"href":"https:\/\/dr-rad.at\/tirol\/wp-json\/wp\/v2\/posts"}],"about":[{"href":"https:\/\/dr-rad.at\/tirol\/wp-json\/wp\/v2\/types\/post"}],"author":[{"embeddable":true,"href":"https:\/\/dr-rad.at\/tirol\/wp-json\/wp\/v2\/users\/2"}],"replies":[{"embeddable":true,"href":"https:\/\/dr-rad.at\/tirol\/wp-json\/wp\/v2\/comments?post=1123"}],"version-history":[{"count":0,"href":"https:\/\/dr-rad.at\/tirol\/wp-json\/wp\/v2\/posts\/1123\/revisions"}],"wp:attachment":[{"href":"https:\/\/dr-rad.at\/tirol\/wp-json\/wp\/v2\/media?parent=1123"}],"wp:term":[{"taxonomy":"category","embeddable":true,"href":"https:\/\/dr-rad.at\/tirol\/wp-json\/wp\/v2\/categories?post=1123"},{"taxonomy":"post_tag","embeddable":true,"href":"https:\/\/dr-rad.at\/tirol\/wp-json\/wp\/v2\/tags?post=1123"}],"curies":[{"name":"wp","href":"https:\/\/api.w.org\/{rel}","templated":true}]}}