{"id":1081,"date":"2017-05-03T06:38:03","date_gmt":"2017-05-03T06:38:03","guid":{"rendered":"http:\/\/dr-rad.at\/tirol\/?p=1081"},"modified":"2019-07-29T06:22:26","modified_gmt":"2019-07-29T06:22:26","slug":"1081-2","status":"publish","type":"post","link":"https:\/\/dr-rad.at\/tirol\/1081-2\/","title":{"rendered":"Mountainbikemodell 2.0"},"content":{"rendered":"<p>&nbsp;<\/p>\n<p>&nbsp;<\/p>\n<p>&nbsp;<\/p>\n<p><a href=\"https:\/\/dr-rad.at\/tirol\/wp-content\/uploads\/2017\/05\/Tiroler-Mountainbikenodell-2.0.png\"><img decoding=\"async\" class=\"alignnone wp-image-1088 size-full\" src=\"https:\/\/dr-rad.at\/tirol\/wp-content\/uploads\/2017\/05\/Tiroler-Mountainbikenodell-2.0.png\" alt=\"\" width=\"811\" height=\"342\" srcset=\"https:\/\/dr-rad.at\/tirol\/wp-content\/uploads\/2017\/05\/Tiroler-Mountainbikenodell-2.0.png 811w, https:\/\/dr-rad.at\/tirol\/wp-content\/uploads\/2017\/05\/Tiroler-Mountainbikenodell-2.0-300x127.png 300w, https:\/\/dr-rad.at\/tirol\/wp-content\/uploads\/2017\/05\/Tiroler-Mountainbikenodell-2.0-768x324.png 768w\" sizes=\"(max-width: 811px) 100vw, 811px\" \/><\/a><\/p>\n<p>Freie Forstwege f\u00fcr alle!<br \/>\nFrei nach dem Tiroler Mountainbikemodell 2.0, <a href=\"https:\/\/www.tirol.gv.at\/fileadmin\/themen\/sport\/radfahren\/mountainbiken\/modell\/downloads\/mountainbikemodell20-web.pdf\">hier das Konzept<\/a><\/p>\n<p>Heute vor dem Parlament in Wien.<\/p>\n<p>Wanderer, Fahrradfahrer (bergauf und bergab) und Tiere (Schafe, K\u00fche und G\u00e4mse) teilen sich dieselben Wege.<\/p>\n<p>Friedlich und wohlwollend, mit Respekt und Sorgfalt.<\/p>\n<p>Die Petition f\u00fcr die \u00d6ffnung der Forstwege, heute!<\/p>\n","protected":false},"excerpt":{"rendered":"<p>&nbsp; &nbsp; &nbsp; Freie Forstwege f\u00fcr alle! Frei nach dem Tiroler Mountainbikemodell 2.0, hier das Konzept Heute vor dem Parlament in Wien. Wanderer, Fahrradfahrer (bergauf und bergab) und Tiere (Schafe, K\u00fche und G\u00e4mse) teilen sich dieselben Wege. Friedlich und wohlwollend, mit Respekt und Sorgfalt. Die Petition f\u00fcr die \u00d6ffnung der Forstwege, heute!<\/p>\n","protected":false},"author":2,"featured_media":0,"comment_status":"closed","ping_status":"closed","sticky":false,"template":"","format":"standard","meta":{"_et_pb_use_builder":"","_et_pb_old_content":"","_et_gb_content_width":"","footnotes":""},"categories":[94,71,100,127,80],"tags":[],"class_list":["post-1081","post","type-post","status-publish","format-standard","hentry","category-ausflugsziel","category-bike-city","category-erholung","category-mountainbike","category-sicherheit"],"_links":{"self":[{"href":"https:\/\/dr-rad.at\/tirol\/wp-json\/wp\/v2\/posts\/1081","targetHints":{"allow":["GET"]}}],"collection":[{"href":"https:\/\/dr-rad.at\/tirol\/wp-json\/wp\/v2\/posts"}],"about":[{"href":"https:\/\/dr-rad.at\/tirol\/wp-json\/wp\/v2\/types\/post"}],"author":[{"embeddable":true,"href":"https:\/\/dr-rad.at\/tirol\/wp-json\/wp\/v2\/users\/2"}],"replies":[{"embeddable":true,"href":"https:\/\/dr-rad.at\/tirol\/wp-json\/wp\/v2\/comments?post=1081"}],"version-history":[{"count":0,"href":"https:\/\/dr-rad.at\/tirol\/wp-json\/wp\/v2\/posts\/1081\/revisions"}],"wp:attachment":[{"href":"https:\/\/dr-rad.at\/tirol\/wp-json\/wp\/v2\/media?parent=1081"}],"wp:term":[{"taxonomy":"category","embeddable":true,"href":"https:\/\/dr-rad.at\/tirol\/wp-json\/wp\/v2\/categories?post=1081"},{"taxonomy":"post_tag","embeddable":true,"href":"https:\/\/dr-rad.at\/tirol\/wp-json\/wp\/v2\/tags?post=1081"}],"curies":[{"name":"wp","href":"https:\/\/api.w.org\/{rel}","templated":true}]}}