{"id":1017,"date":"2017-04-13T00:00:00","date_gmt":"2017-04-13T00:00:00","guid":{"rendered":"http:\/\/dr-rad.at\/tirol\/race-across-america\/"},"modified":"2019-07-29T06:22:26","modified_gmt":"2019-07-29T06:22:26","slug":"race-across-america","status":"publish","type":"post","link":"https:\/\/dr-rad.at\/tirol\/race-across-america\/","title":{"rendered":"Race Across America"},"content":{"rendered":"<p>Der \u00d6tztaler Patric Gr\u00fcner wird beim diesj\u00e4hrigen Race Across America (RAAM) an den Start gehen. Dieser Herausforderung stellt sich der Tiroler, der mit den \u00d6sterreichischen RAAM Startern fr\u00fcherer Jahre gleichziehen will. Strasser Chrstoph, Spielauer Franz, Fasching Wolfgang, Zotter Severin um nur wenige zu nennen. Diese illustren Extremsportler haben ihr Rennen jeweils mindestens ein Mal gewonnen. <\/p>\n<p> Das Race Across America geht seit 1982 j\u00e4hrlich \u00fcber die B\u00fchne und ist das wohl bekannteste Extremsport Rennen am Planeten. Von der Westk\u00fcster der USA geht es \u00fcber 4800 Kilometer zur Ostk\u00fcste Amerikas, das Sollziel betr\u00e4gt 288 Stunden was 12 Tage entspricht. Verst\u00e4ndlich auch f\u00fcr nicht Radsportler, das sich das nur mit extrem wenig Schlaf ausgehen kann, wenn \u00fcberhaupt. Patric Gr\u00fcner aus L\u00e4ngenfeld will die Strecke in l\u00e4ngstens 9 Tagen absolvieren. Die Top 3 sind sein ehrgeiziges Ziel f\u00fcr das er sich auch in die Sauna auf den Ergometer setzt. Bis zu 30 Stunden Training pro Woche wollen den K\u00f6per und den Geist auf diese ultimative Herausforderung einstellen. Die gr\u00f6\u00dften Hindernisse quer durch die USA sind neben den klimatischen Bedingungen, dem Schlafentzug und den vorbeirauschenden Trucks sind weiters das Sitzfleisch und die Ern\u00e4hrung. <\/p>\n<p> 12 Liter Fl\u00fcssigkeit wollen erst einmal durch den Magen geschleusst werden. Selbiger stellt sich dabei auf den Kopf wenn man nicht nur warme Hauptspei\u00dfen, sondern fl\u00fcssige Kohlehydrate und Gels als Enegrietr\u00e4ger dienen sollen. Sein 12 k\u00f6pfiges Betreuerteam wird jedenfalls alle H\u00e4nde voll zu tun haben um Patric auf seinem Lebenstraum nicht nur zu begleiten, sondern souver\u00e4n zu betreuen. Musik um 3 Uhr morgens durch die Lautsprecher zu jagen, wird dabei die einfachste T\u00e4tigkeit werden.<\/p>\n","protected":false},"excerpt":{"rendered":"<p>Der \u00d6tztaler Patric Gr\u00fcner wird beim diesj\u00e4hrigen Race Across America (RAAM) an den Start gehen. Dieser Herausforderung stellt sich der Tiroler, der mit den \u00d6sterreichischen RAAM Startern fr\u00fcherer Jahre gleichziehen will. Strasser Chrstoph, Spielauer Franz, Fasching Wolfgang, Zotter Severin um nur wenige zu nennen. Diese illustren Extremsportler haben ihr Rennen jeweils mindestens ein Mal gewonnen. [&hellip;]<\/p>\n","protected":false},"author":2,"featured_media":0,"comment_status":"closed","ping_status":"closed","sticky":false,"template":"","format":"standard","meta":{"_et_pb_use_builder":"","_et_pb_old_content":"","_et_gb_content_width":"","footnotes":""},"categories":[98],"tags":[116],"class_list":["post-1017","post","type-post","status-publish","format-standard","hentry","category-radsport","tag-usa"],"_links":{"self":[{"href":"https:\/\/dr-rad.at\/tirol\/wp-json\/wp\/v2\/posts\/1017","targetHints":{"allow":["GET"]}}],"collection":[{"href":"https:\/\/dr-rad.at\/tirol\/wp-json\/wp\/v2\/posts"}],"about":[{"href":"https:\/\/dr-rad.at\/tirol\/wp-json\/wp\/v2\/types\/post"}],"author":[{"embeddable":true,"href":"https:\/\/dr-rad.at\/tirol\/wp-json\/wp\/v2\/users\/2"}],"replies":[{"embeddable":true,"href":"https:\/\/dr-rad.at\/tirol\/wp-json\/wp\/v2\/comments?post=1017"}],"version-history":[{"count":0,"href":"https:\/\/dr-rad.at\/tirol\/wp-json\/wp\/v2\/posts\/1017\/revisions"}],"wp:attachment":[{"href":"https:\/\/dr-rad.at\/tirol\/wp-json\/wp\/v2\/media?parent=1017"}],"wp:term":[{"taxonomy":"category","embeddable":true,"href":"https:\/\/dr-rad.at\/tirol\/wp-json\/wp\/v2\/categories?post=1017"},{"taxonomy":"post_tag","embeddable":true,"href":"https:\/\/dr-rad.at\/tirol\/wp-json\/wp\/v2\/tags?post=1017"}],"curies":[{"name":"wp","href":"https:\/\/api.w.org\/{rel}","templated":true}]}}