{"id":1011,"date":"2017-03-30T00:00:00","date_gmt":"2017-03-30T00:00:00","guid":{"rendered":"http:\/\/dr-rad.at\/tirol\/treffpunkt-hawaii\/"},"modified":"2019-07-29T06:22:26","modified_gmt":"2019-07-29T06:22:26","slug":"treffpunkt-hawaii","status":"publish","type":"post","link":"https:\/\/dr-rad.at\/tirol\/treffpunkt-hawaii\/","title":{"rendered":"Treffpunkt Hawaii"},"content":{"rendered":"<p>Die beschriebene lokale Begebenheit der Talkessel und deren Stra\u00dfen, ein Flachlandtiroler w\u00fcrde sagen &#8222;Eingeschr\u00e4nktheit&#8220;, ein Bayer \u201e Schluchtenscheisser\u201c schr\u00e4nkt das Radfahren in flachem Gel\u00e4nde ein. Es ist quasi nur zwischen den Erhebungen m\u00f6glich ruhige Einheiten zu schieben<\/p>\n","protected":false},"excerpt":{"rendered":"<p>Die beschriebene lokale Begebenheit der Talkessel und deren Stra\u00dfen, ein Flachlandtiroler w\u00fcrde sagen &#8222;Eingeschr\u00e4nktheit&#8220;, ein Bayer \u201e Schluchtenscheisser\u201c schr\u00e4nkt das Radfahren in flachem Gel\u00e4nde ein. Es ist quasi nur zwischen den Erhebungen m\u00f6glich ruhige Einheiten zu schieben<\/p>\n","protected":false},"author":2,"featured_media":0,"comment_status":"closed","ping_status":"closed","sticky":false,"template":"","format":"standard","meta":{"_et_pb_use_builder":"","_et_pb_old_content":"","_et_gb_content_width":"","footnotes":""},"categories":[108],"tags":[112,75,76],"class_list":["post-1011","post","type-post","status-publish","format-standard","hentry","category-radrunde","tag-hawaii","tag-innsbruck","tag-tirol"],"_links":{"self":[{"href":"https:\/\/dr-rad.at\/tirol\/wp-json\/wp\/v2\/posts\/1011","targetHints":{"allow":["GET"]}}],"collection":[{"href":"https:\/\/dr-rad.at\/tirol\/wp-json\/wp\/v2\/posts"}],"about":[{"href":"https:\/\/dr-rad.at\/tirol\/wp-json\/wp\/v2\/types\/post"}],"author":[{"embeddable":true,"href":"https:\/\/dr-rad.at\/tirol\/wp-json\/wp\/v2\/users\/2"}],"replies":[{"embeddable":true,"href":"https:\/\/dr-rad.at\/tirol\/wp-json\/wp\/v2\/comments?post=1011"}],"version-history":[{"count":0,"href":"https:\/\/dr-rad.at\/tirol\/wp-json\/wp\/v2\/posts\/1011\/revisions"}],"wp:attachment":[{"href":"https:\/\/dr-rad.at\/tirol\/wp-json\/wp\/v2\/media?parent=1011"}],"wp:term":[{"taxonomy":"category","embeddable":true,"href":"https:\/\/dr-rad.at\/tirol\/wp-json\/wp\/v2\/categories?post=1011"},{"taxonomy":"post_tag","embeddable":true,"href":"https:\/\/dr-rad.at\/tirol\/wp-json\/wp\/v2\/tags?post=1011"}],"curies":[{"name":"wp","href":"https:\/\/api.w.org\/{rel}","templated":true}]}}