{"id":1008,"date":"2017-03-10T00:00:00","date_gmt":"2017-03-10T00:00:00","guid":{"rendered":"http:\/\/dr-rad.at\/tirol\/tour-de-friends-etappenfahrt-muenchen-venedig\/"},"modified":"2019-07-29T06:22:27","modified_gmt":"2019-07-29T06:22:27","slug":"tour-de-friends-etappenfahrt-muenchen-venedig","status":"publish","type":"post","link":"https:\/\/dr-rad.at\/tirol\/tour-de-friends-etappenfahrt-muenchen-venedig\/","title":{"rendered":"Tour de Friends Etappenfahrt M\u00fcnchen -Venedig"},"content":{"rendered":"<p>Fahrradfahren als Genuss und ohne Wettstreit. Unter diesem Hintergrund l\u00e4uft die Tour de Friends ab. Das gemeinsame Erleben und Teilen von Emotionen, Fahrtwind und Zimmer hat seinen t\u00e4glichen H\u00f6hepunkt unterst\u00fctzt von dem Gef\u00fchl eine k\u00f6rperliche Herausforderung geschafft zu haben, am Abend, wenn bei Speis und Trank das Erlebte noch einmal rekapituliert wird. <\/p>\n<p> Neben Konzerten am Abend und Besuchen der \u00f6rtlichen Sehensw\u00fcrdigkeiten stellt diese Veranstaltung eine besondere Challenge f\u00fcr die Teilnehmer dar.<\/p>\n","protected":false},"excerpt":{"rendered":"<p>Fahrradfahren als Genuss und ohne Wettstreit. Unter diesem Hintergrund l\u00e4uft die Tour de Friends ab. Das gemeinsame Erleben und Teilen von Emotionen, Fahrtwind und Zimmer hat seinen t\u00e4glichen H\u00f6hepunkt unterst\u00fctzt von dem Gef\u00fchl eine k\u00f6rperliche Herausforderung geschafft zu haben, am Abend, wenn bei Speis und Trank das Erlebte noch einmal rekapituliert wird. Neben Konzerten am [&hellip;]<\/p>\n","protected":false},"author":2,"featured_media":0,"comment_status":"closed","ping_status":"closed","sticky":false,"template":"","format":"standard","meta":{"_et_pb_use_builder":"","_et_pb_old_content":"","_et_gb_content_width":"","footnotes":""},"categories":[108],"tags":[109,110],"class_list":["post-1008","post","type-post","status-publish","format-standard","hentry","category-radrunde","tag-muenchen","tag-venedig"],"_links":{"self":[{"href":"https:\/\/dr-rad.at\/tirol\/wp-json\/wp\/v2\/posts\/1008","targetHints":{"allow":["GET"]}}],"collection":[{"href":"https:\/\/dr-rad.at\/tirol\/wp-json\/wp\/v2\/posts"}],"about":[{"href":"https:\/\/dr-rad.at\/tirol\/wp-json\/wp\/v2\/types\/post"}],"author":[{"embeddable":true,"href":"https:\/\/dr-rad.at\/tirol\/wp-json\/wp\/v2\/users\/2"}],"replies":[{"embeddable":true,"href":"https:\/\/dr-rad.at\/tirol\/wp-json\/wp\/v2\/comments?post=1008"}],"version-history":[{"count":0,"href":"https:\/\/dr-rad.at\/tirol\/wp-json\/wp\/v2\/posts\/1008\/revisions"}],"wp:attachment":[{"href":"https:\/\/dr-rad.at\/tirol\/wp-json\/wp\/v2\/media?parent=1008"}],"wp:term":[{"taxonomy":"category","embeddable":true,"href":"https:\/\/dr-rad.at\/tirol\/wp-json\/wp\/v2\/categories?post=1008"},{"taxonomy":"post_tag","embeddable":true,"href":"https:\/\/dr-rad.at\/tirol\/wp-json\/wp\/v2\/tags?post=1008"}],"curies":[{"name":"wp","href":"https:\/\/api.w.org\/{rel}","templated":true}]}}